{"id":154,"date":"2015-03-24T11:11:40","date_gmt":"2015-03-24T11:11:40","guid":{"rendered":"http:\/\/demo.themegrill.com\/colormag\/?p=154"},"modified":"2021-05-06T09:39:48","modified_gmt":"2021-05-06T07:39:48","slug":"geschichtedesvwpolo","status":"publish","type":"post","link":"https:\/\/www.g-lader.info\/vwpoloigdeutschlandev\/?p=154","title":{"rendered":"Geschichte des Polo"},"content":{"rendered":"<p>Die Geschichte des Volkswagen Polo beginnt bei NSU. Ein Kleinstwagen und ein Kompaktwagen, ausger\u00fcstet mit einem modernen wassergek\u00fchlten und quer eingebauten Frontmotor mit Antrieb auf die Vorderr\u00e4der, sollten der wachsenden Konkurrenz aus Frankreich und Italien die Stirn bieten. Bei Volkwagen hatte man zus\u00e4tzlich das gro\u00dfe Problem, dass der Wechsel weg vom luftgek\u00fchlten Heckmotor (K\u00e4fer, T3, T4 u.a.) schwer fiel. Mit der Zusammenf\u00fchrung mit NSU\/Audi fielen besonders die Projekte K50 und K70 auf. Der K50 kam noch im Jahr 1974 als Audi 50 erstmalig auf den Markt, ab 1975 dann parallel als VW Polo. Der K70 wurde ausschlie\u00dflich unter der Marke Volkswagen auf den Markt gebracht und l\u00e4utete den Paradigmenwechsel mit Golf, Scirocco und Passat ein, der heute als einer der gro\u00dfen Wandel bei Volkswagen angesehen wird &#8211; \u00e4hnlich wie aktuell der Wandel von Verbrenner-Motoren hin zur Elektromobilit\u00e4t. <br>In der weiteren Entwicklung hie\u00df die Stufenheck-Variante &#8222;Polo Classic&#8220; und auch &#8222;Derby&#8220;, seit 1981 ist auch mit dem &#8222;Steilheck&#8220; eine weitere Karosserievariante verf\u00fcgbar gewesen. Wir verwenden in der Folge den Begriff &#8222;Polo&#8220; synonym f\u00fcr alle Fahrzeuge der Baureihen Typ 86 und 86C.<\/p>\n\n\n<h2 class=\"wp-block-heading\">Audi 50 und Polo I &#8211; Typ 86<\/h2>\n\n\n\n<figure class=\"wp-block-image size-large\"><img loading=\"lazy\" decoding=\"async\" width=\"1024\" height=\"768\" src=\"https:\/\/www.g-lader.info\/vwpoloigdeutschlandev\/wp-content\/uploads\/2021\/03\/Bild-073-1024x768.jpg\" alt=\"\" class=\"wp-image-431\" srcset=\"https:\/\/www.g-lader.info\/vwpoloigdeutschlandev\/wp-content\/uploads\/2021\/03\/Bild-073-1024x768.jpg 1024w, https:\/\/www.g-lader.info\/vwpoloigdeutschlandev\/wp-content\/uploads\/2021\/03\/Bild-073-300x225.jpg 300w, https:\/\/www.g-lader.info\/vwpoloigdeutschlandev\/wp-content\/uploads\/2021\/03\/Bild-073-768x576.jpg 768w, https:\/\/www.g-lader.info\/vwpoloigdeutschlandev\/wp-content\/uploads\/2021\/03\/Bild-073-1536x1152.jpg 1536w, https:\/\/www.g-lader.info\/vwpoloigdeutschlandev\/wp-content\/uploads\/2021\/03\/Bild-073-2048x1536.jpg 2048w\" sizes=\"auto, (max-width: 1024px) 100vw, 1024px\" \/><figcaption>Audi 50 (l), Polo I (r)<\/figcaption><\/figure>\n\n\n\n<p>Die Entwicklung des Audi 50 gilt als letztes Projekt von Ludwig Kraus, dem damaligen Chef-Konstrukteur bei NSU\/Audi. Sogar eine kleine Stufenheck-Limousine soll seinerzeit zur Debatte gestanden haben. Die Linie gestaltete Hartmut Warku\u00df, der sogar bei Volkswagen Phaeton noch mitwirkte. Man sagt, dass kein Geringerer als Bertone Details des Typ 86 gezeichnet haben soll.<\/p>\n\n\n\n<figure class=\"wp-block-image size-large\"><img loading=\"lazy\" decoding=\"async\" width=\"1024\" height=\"683\" src=\"https:\/\/www.g-lader.info\/vwpoloigdeutschlandev\/wp-content\/uploads\/2021\/03\/IMG_7715-1024x683.jpg\" alt=\"\" class=\"wp-image-435\" srcset=\"https:\/\/www.g-lader.info\/vwpoloigdeutschlandev\/wp-content\/uploads\/2021\/03\/IMG_7715-1024x683.jpg 1024w, https:\/\/www.g-lader.info\/vwpoloigdeutschlandev\/wp-content\/uploads\/2021\/03\/IMG_7715-300x200.jpg 300w, https:\/\/www.g-lader.info\/vwpoloigdeutschlandev\/wp-content\/uploads\/2021\/03\/IMG_7715-768x512.jpg 768w, https:\/\/www.g-lader.info\/vwpoloigdeutschlandev\/wp-content\/uploads\/2021\/03\/IMG_7715-1536x1024.jpg 1536w, https:\/\/www.g-lader.info\/vwpoloigdeutschlandev\/wp-content\/uploads\/2021\/03\/IMG_7715-2048x1365.jpg 2048w\" sizes=\"auto, (max-width: 1024px) 100vw, 1024px\" \/><figcaption>Polo I N<\/figcaption><\/figure>\n\n\n\n<p>Sowohl der Audi 50 als auch der Polo I haben die Typbezeichnung Typ 86 und wurden am Standort Wolfsburg gebaut. Tendentiell waren Audi 50 etwas besser ausgestattet als Polo der gleichen Zeit, auch Chromverzierungen fand man beim Audi im Mittel mehr. Das lag auch mit daran, dass der Polo im Einstiegspreis unter dem des Audi 50 lag. Audi rundete die Palette beim Audi 50 nach oben hin mit dem GLS ab, der Polo nach unten hin mit dem Polo N &#8211; der so genannte &#8222;Sparpolo&#8220;, dem sogar eine Sonnenblende und ein T\u00fcrschloss auf der Beifahrerseite fehlten.<\/p>\n\n\n\n<figure class=\"wp-block-image size-large\"><img loading=\"lazy\" decoding=\"async\" width=\"1024\" height=\"683\" src=\"https:\/\/www.g-lader.info\/vwpoloigdeutschlandev\/wp-content\/uploads\/2021\/03\/IMG_7812-1024x683.jpg\" alt=\"\" class=\"wp-image-442\" srcset=\"https:\/\/www.g-lader.info\/vwpoloigdeutschlandev\/wp-content\/uploads\/2021\/03\/IMG_7812-1024x683.jpg 1024w, https:\/\/www.g-lader.info\/vwpoloigdeutschlandev\/wp-content\/uploads\/2021\/03\/IMG_7812-300x200.jpg 300w, https:\/\/www.g-lader.info\/vwpoloigdeutschlandev\/wp-content\/uploads\/2021\/03\/IMG_7812-768x512.jpg 768w, https:\/\/www.g-lader.info\/vwpoloigdeutschlandev\/wp-content\/uploads\/2021\/03\/IMG_7812-1536x1024.jpg 1536w, https:\/\/www.g-lader.info\/vwpoloigdeutschlandev\/wp-content\/uploads\/2021\/03\/IMG_7812-2048x1365.jpg 2048w\" sizes=\"auto, (max-width: 1024px) 100vw, 1024px\" \/><figcaption>Derby I<\/figcaption><\/figure>\n\n\n\n<p>Ab 1977 wurde die Modellpalette durch die Stufenheckvariante &#8222;Derby&#8220; erg\u00e4nzt. Der Kofferraum fasste 515 Liter (!) und ist rund 30 cm l\u00e4nger als die Standardversion.<\/p>\n\n\n\n<figure class=\"wp-block-image size-large\"><img loading=\"lazy\" decoding=\"async\" width=\"1024\" height=\"683\" src=\"https:\/\/www.g-lader.info\/vwpoloigdeutschlandev\/wp-content\/uploads\/2021\/03\/IMG_7793-1024x683.jpg\" alt=\"\" class=\"wp-image-436\" srcset=\"https:\/\/www.g-lader.info\/vwpoloigdeutschlandev\/wp-content\/uploads\/2021\/03\/IMG_7793-1024x683.jpg 1024w, https:\/\/www.g-lader.info\/vwpoloigdeutschlandev\/wp-content\/uploads\/2021\/03\/IMG_7793-300x200.jpg 300w, https:\/\/www.g-lader.info\/vwpoloigdeutschlandev\/wp-content\/uploads\/2021\/03\/IMG_7793-768x512.jpg 768w, https:\/\/www.g-lader.info\/vwpoloigdeutschlandev\/wp-content\/uploads\/2021\/03\/IMG_7793-1536x1024.jpg 1536w, https:\/\/www.g-lader.info\/vwpoloigdeutschlandev\/wp-content\/uploads\/2021\/03\/IMG_7793-2048x1365.jpg 2048w\" sizes=\"auto, (max-width: 1024px) 100vw, 1024px\" \/><figcaption>Polo I GT<\/figcaption><\/figure>\n\n\n\n<p>Auch der Typ 86 erhielt &#8211; aber nur als Polo I &#8211; ein leichtes Facelift und somit die modernen Sto\u00dff\u00e4nger mit Kunststoffmantel. Ein leicht nach vorne versetzter K\u00fchlergrill und ein neues Armaturenbrett modernisierten das Auto deutlich, zumindest optisch. In dieser Variante ist die erste sportlich angehauchte Variante zu nennen &#8211; der Polo GT mit (immer) 60 PS. <\/p>\n\n\n\n<h2 class=\"wp-block-heading\">Polo II &#8211; Typ 86C \/ 87C \/ 86CF<\/h2>\n\n\n\n<figure class=\"wp-block-image size-large\"><img loading=\"lazy\" decoding=\"async\" width=\"1024\" height=\"683\" src=\"https:\/\/www.g-lader.info\/vwpoloigdeutschlandev\/wp-content\/uploads\/2021\/03\/IMG_7723-1024x683.jpg\" alt=\"\" class=\"wp-image-440\" srcset=\"https:\/\/www.g-lader.info\/vwpoloigdeutschlandev\/wp-content\/uploads\/2021\/03\/IMG_7723-1024x683.jpg 1024w, https:\/\/www.g-lader.info\/vwpoloigdeutschlandev\/wp-content\/uploads\/2021\/03\/IMG_7723-300x200.jpg 300w, https:\/\/www.g-lader.info\/vwpoloigdeutschlandev\/wp-content\/uploads\/2021\/03\/IMG_7723-768x512.jpg 768w, https:\/\/www.g-lader.info\/vwpoloigdeutschlandev\/wp-content\/uploads\/2021\/03\/IMG_7723-1536x1024.jpg 1536w, https:\/\/www.g-lader.info\/vwpoloigdeutschlandev\/wp-content\/uploads\/2021\/03\/IMG_7723-2048x1365.jpg 2048w\" sizes=\"auto, (max-width: 1024px) 100vw, 1024px\" \/><figcaption>Polo II Steilheck (Vorserienmodell CLS)<\/figcaption><\/figure>\n\n\n\n<p>Mit der Modellpflege im Jahr 1981 kam eine weitere Karosserieform auf den Markt, die sich als fast einzigartig und sehr erfolgreich herausstellen sollte: der Polo II Steilheck. Die l\u00e4nger gezogene Dachpartie erm\u00f6glichte eine perfekte Rundumsicht nach hinten und erwies sich als \u00fcberaus flexibel beim Transport von sperrigen Gegenst\u00e4nden. Etwas sp\u00e4ter wurde das Polo Coup\u00e9 mit dem Schr\u00e4gheck nachgeschoben, auch eine Stufenheck-Variante wurde wieder angeboten.<br>Der Vorderbau des Polo II ist gegen\u00fcber dem Polo I einige Zentimeter l\u00e4nger, was eine bessere Aerodynamik und eine verbesserte Crashsicherheit erm\u00f6glichte. Leider verschwand der Chrom-Zierrat fast vollst\u00e4ndig &#8211; allenfalls Chom-Keder in den Kunststoffsto\u00dfstangen, Dichtungen und ggf. Seitenleisten wiesen auf die besser ausgestatteten CL-Modelle hin. <\/p>\n\n\n\n<figure class=\"wp-block-image size-large\"><img loading=\"lazy\" decoding=\"async\" width=\"1024\" height=\"683\" src=\"https:\/\/www.g-lader.info\/vwpoloigdeutschlandev\/wp-content\/uploads\/2021\/03\/IMG_7789-1024x683.jpg\" alt=\"\" class=\"wp-image-448\" srcset=\"https:\/\/www.g-lader.info\/vwpoloigdeutschlandev\/wp-content\/uploads\/2021\/03\/IMG_7789-1024x683.jpg 1024w, https:\/\/www.g-lader.info\/vwpoloigdeutschlandev\/wp-content\/uploads\/2021\/03\/IMG_7789-300x200.jpg 300w, https:\/\/www.g-lader.info\/vwpoloigdeutschlandev\/wp-content\/uploads\/2021\/03\/IMG_7789-768x512.jpg 768w, https:\/\/www.g-lader.info\/vwpoloigdeutschlandev\/wp-content\/uploads\/2021\/03\/IMG_7789-1536x1024.jpg 1536w, https:\/\/www.g-lader.info\/vwpoloigdeutschlandev\/wp-content\/uploads\/2021\/03\/IMG_7789-2048x1365.jpg 2048w\" sizes=\"auto, (max-width: 1024px) 100vw, 1024px\" \/><figcaption>Polo II GT G40 Coup\u00e9<\/figcaption><\/figure>\n\n\n\n<figure class=\"wp-block-image size-large\"><img loading=\"lazy\" decoding=\"async\" width=\"1024\" height=\"683\" src=\"https:\/\/www.g-lader.info\/vwpoloigdeutschlandev\/wp-content\/uploads\/2021\/03\/IMG_2269-1024x683.jpg\" alt=\"\" class=\"wp-image-453\" srcset=\"https:\/\/www.g-lader.info\/vwpoloigdeutschlandev\/wp-content\/uploads\/2021\/03\/IMG_2269-1024x683.jpg 1024w, https:\/\/www.g-lader.info\/vwpoloigdeutschlandev\/wp-content\/uploads\/2021\/03\/IMG_2269-300x200.jpg 300w, https:\/\/www.g-lader.info\/vwpoloigdeutschlandev\/wp-content\/uploads\/2021\/03\/IMG_2269-768x512.jpg 768w, https:\/\/www.g-lader.info\/vwpoloigdeutschlandev\/wp-content\/uploads\/2021\/03\/IMG_2269-1536x1024.jpg 1536w, https:\/\/www.g-lader.info\/vwpoloigdeutschlandev\/wp-content\/uploads\/2021\/03\/IMG_2269-2048x1365.jpg 2048w\" sizes=\"auto, (max-width: 1024px) 100vw, 1024px\" \/><figcaption>Derby II<\/figcaption><\/figure>\n\n\n\n<figure class=\"wp-block-image size-large\"><img loading=\"lazy\" decoding=\"async\" width=\"1024\" height=\"683\" src=\"https:\/\/www.g-lader.info\/vwpoloigdeutschlandev\/wp-content\/uploads\/2021\/03\/IMG_7720-1024x683.jpg\" alt=\"\" class=\"wp-image-446\" srcset=\"https:\/\/www.g-lader.info\/vwpoloigdeutschlandev\/wp-content\/uploads\/2021\/03\/IMG_7720-1024x683.jpg 1024w, https:\/\/www.g-lader.info\/vwpoloigdeutschlandev\/wp-content\/uploads\/2021\/03\/IMG_7720-300x200.jpg 300w, https:\/\/www.g-lader.info\/vwpoloigdeutschlandev\/wp-content\/uploads\/2021\/03\/IMG_7720-768x512.jpg 768w, https:\/\/www.g-lader.info\/vwpoloigdeutschlandev\/wp-content\/uploads\/2021\/03\/IMG_7720-1536x1024.jpg 1536w, https:\/\/www.g-lader.info\/vwpoloigdeutschlandev\/wp-content\/uploads\/2021\/03\/IMG_7720-2048x1365.jpg 2048w\" sizes=\"auto, (max-width: 1024px) 100vw, 1024px\" \/><figcaption>einer der letzten Polo II, hier aus dem Werk &#8222;Mosel&#8220; in Sachsen<\/figcaption><\/figure>\n\n\n\n<p>Zahlreiche Sondermodelle brachten Farbe und Ausstattungsvielfalt in den Bestellkatalog. Einige g\u00e4ngige Sondermodelle lautet: FOX, TWIST, FANCY, und BEACH.<\/p>\n\n\n\n<h2 class=\"wp-block-heading\">Polo IIF &#8211; Typ 86C \/ 86CF<\/h2>\n\n\n\n<p>Nach dem Modelljahr 1991 erfuhr der VW Polo ein &#8222;Facelift&#8220;, daher bezeichnet man die Polos mit den eckigen Scheinwerfern und den gro\u00dfen Kunststoff-Sto\u00dff\u00e4ngern meistens als &#8222;2F-Polo&#8220;. Als Typbezeichnung bleibt es jedoch seit 1981 bis 1994 bei &#8222;86C&#8220; (Ausnahme: Reimporte, Lastwagen-Variante). <\/p>\n\n\n\n<figure class=\"wp-block-image size-large\"><img loading=\"lazy\" decoding=\"async\" width=\"1024\" height=\"683\" src=\"https:\/\/www.g-lader.info\/vwpoloigdeutschlandev\/wp-content\/uploads\/2021\/04\/IMG_7728-1024x683.jpg\" alt=\"\" class=\"wp-image-465\" srcset=\"https:\/\/www.g-lader.info\/vwpoloigdeutschlandev\/wp-content\/uploads\/2021\/04\/IMG_7728-1024x683.jpg 1024w, https:\/\/www.g-lader.info\/vwpoloigdeutschlandev\/wp-content\/uploads\/2021\/04\/IMG_7728-300x200.jpg 300w, https:\/\/www.g-lader.info\/vwpoloigdeutschlandev\/wp-content\/uploads\/2021\/04\/IMG_7728-768x512.jpg 768w, https:\/\/www.g-lader.info\/vwpoloigdeutschlandev\/wp-content\/uploads\/2021\/04\/IMG_7728-1536x1024.jpg 1536w, https:\/\/www.g-lader.info\/vwpoloigdeutschlandev\/wp-content\/uploads\/2021\/04\/IMG_7728-2048x1365.jpg 2048w\" sizes=\"auto, (max-width: 1024px) 100vw, 1024px\" \/><\/figure>\n\n\n\n<figure class=\"wp-block-image size-large\"><img loading=\"lazy\" decoding=\"async\" width=\"1024\" height=\"683\" src=\"https:\/\/www.g-lader.info\/vwpoloigdeutschlandev\/wp-content\/uploads\/2021\/04\/IMG_6083-1024x683.jpg\" alt=\"\" class=\"wp-image-464\" srcset=\"https:\/\/www.g-lader.info\/vwpoloigdeutschlandev\/wp-content\/uploads\/2021\/04\/IMG_6083-1024x683.jpg 1024w, https:\/\/www.g-lader.info\/vwpoloigdeutschlandev\/wp-content\/uploads\/2021\/04\/IMG_6083-300x200.jpg 300w, https:\/\/www.g-lader.info\/vwpoloigdeutschlandev\/wp-content\/uploads\/2021\/04\/IMG_6083-768x512.jpg 768w, https:\/\/www.g-lader.info\/vwpoloigdeutschlandev\/wp-content\/uploads\/2021\/04\/IMG_6083-1536x1024.jpg 1536w, https:\/\/www.g-lader.info\/vwpoloigdeutschlandev\/wp-content\/uploads\/2021\/04\/IMG_6083-2048x1365.jpg 2048w\" sizes=\"auto, (max-width: 1024px) 100vw, 1024px\" \/><figcaption>breite Kunststoff-Sto\u00dff\u00e4nger, gro\u00dfe Lichtanlagen: der Facelift-Polo<\/figcaption><\/figure>\n\n\n\n<p>Mit dem Facelift kommen zahlreiche neue Ausstattungsvarianten und Sondermodelle, auch neue Benzinmotoren mit G-Kat sind w\u00e4hlbar. Im Innenraum f\u00e4llt eine neu gestaltetes Instrumententafel auf. Der Katalog der Extras wird umfassend erweitert. Die Liste der Sondermodelle abschlie\u00dfend zu nennen, ist eine Lebensaufgabe: der Einfachheit halber beschr\u00e4nken wir uns auf einige g\u00e4ngige und bekannte Sondermodelle wie FOX, SCOT, MIKADO, STYLE und GENESIS. Die Standardlinien &#8222;C&#8220;, &#8222;CL&#8220;, &#8222;GT&#8220; und &#8222;G40&#8220; wurden ebenfalls wieder angeboten.<\/p>\n\n\n\n<p>Mit dem Modelljahr 1995 endet die Geschichte des Fahrzeuges, das wir den &#8222;klassischen VW Polo&#8220; nennen. Der Nachfolger Polo 6N wurde komplett \u00fcberarbeitet und ist als starke Z\u00e4sur, gerade in puncto Design zu betrachten.<\/p>\n","protected":false},"excerpt":{"rendered":"<p>Die Geschichte des Volkswagen Polo beginnt bei NSU. Ein Kleinstwagen und ein Kompaktwagen, ausger\u00fcstet mit einem modernen wassergek\u00fchlten und quer<\/p>\n","protected":false},"author":1,"featured_media":422,"comment_status":"open","ping_status":"open","sticky":false,"template":"","format":"standard","meta":{"colormag_page_container_layout":"default_layout","colormag_page_sidebar_layout":"default_layout","footnotes":""},"categories":[1,28],"tags":[],"class_list":["post-154","post","type-post","status-publish","format-standard","has-post-thumbnail","hentry","category-allgemein","category-modelle"],"_links":{"self":[{"href":"https:\/\/www.g-lader.info\/vwpoloigdeutschlandev\/index.php?rest_route=\/wp\/v2\/posts\/154","targetHints":{"allow":["GET"]}}],"collection":[{"href":"https:\/\/www.g-lader.info\/vwpoloigdeutschlandev\/index.php?rest_route=\/wp\/v2\/posts"}],"about":[{"href":"https:\/\/www.g-lader.info\/vwpoloigdeutschlandev\/index.php?rest_route=\/wp\/v2\/types\/post"}],"author":[{"embeddable":true,"href":"https:\/\/www.g-lader.info\/vwpoloigdeutschlandev\/index.php?rest_route=\/wp\/v2\/users\/1"}],"replies":[{"embeddable":true,"href":"https:\/\/www.g-lader.info\/vwpoloigdeutschlandev\/index.php?rest_route=%2Fwp%2Fv2%2Fcomments&post=154"}],"version-history":[{"count":18,"href":"https:\/\/www.g-lader.info\/vwpoloigdeutschlandev\/index.php?rest_route=\/wp\/v2\/posts\/154\/revisions"}],"predecessor-version":[{"id":472,"href":"https:\/\/www.g-lader.info\/vwpoloigdeutschlandev\/index.php?rest_route=\/wp\/v2\/posts\/154\/revisions\/472"}],"wp:featuredmedia":[{"embeddable":true,"href":"https:\/\/www.g-lader.info\/vwpoloigdeutschlandev\/index.php?rest_route=\/wp\/v2\/media\/422"}],"wp:attachment":[{"href":"https:\/\/www.g-lader.info\/vwpoloigdeutschlandev\/index.php?rest_route=%2Fwp%2Fv2%2Fmedia&parent=154"}],"wp:term":[{"taxonomy":"category","embeddable":true,"href":"https:\/\/www.g-lader.info\/vwpoloigdeutschlandev\/index.php?rest_route=%2Fwp%2Fv2%2Fcategories&post=154"},{"taxonomy":"post_tag","embeddable":true,"href":"https:\/\/www.g-lader.info\/vwpoloigdeutschlandev\/index.php?rest_route=%2Fwp%2Fv2%2Ftags&post=154"}],"curies":[{"name":"wp","href":"https:\/\/api.w.org\/{rel}","templated":true}]}}