{"id":1664,"date":"2015-04-19T11:55:00","date_gmt":"2015-04-19T09:55:00","guid":{"rendered":"http:\/\/www.g-lader.info\/vwpoloigdeutschlandev\/?p=1664"},"modified":"2025-04-17T09:01:46","modified_gmt":"2025-04-17T07:01:46","slug":"40-jahre-polo-techno-classica-2015","status":"publish","type":"post","link":"https:\/\/www.g-lader.info\/vwpoloigdeutschlandev\/?p=1664","title":{"rendered":"40 Jahre Polo | Techno Classica 2015"},"content":{"rendered":"\n<p>Die Techno Classica war der Grund, warum es hier in letzter Zeit etwas still wurde. Uns wurde die Ehre zu Teil, Volkswagen Classic beim Auftritt zum Thema \u201e40 Jahre Polo\u201c zu unterst\u00fctzen. Dazu haben wir im Vorfeld Vortr\u00e4ge ausgearbeitet, Kontakte und Fahrzeuge f\u00fcr Fotoshootings vermittelt, Korrektur gelesen und vieles, vieles mehr. In der eigentlichen Messewoche galt es dann nicht nur den eigenen Stand der VW Polo IG Deutschland e.V. mit neuem Logo und neuem Auftritt zu bestellen, sondern auch die Kollegen von Volkswagen Classic am eigenen Stand zu flankieren. Und das war -um es mit wenigen Worten zu sagen- ein Kraftakt, aber gro\u00dfartig. So viele interessante Gespr\u00e4che und mindestens ein Kontakt kamen zustande, der sich bereits im Nachgang als \u00fcberaus wertvoll erweisen sollte. Volkswagen Classic brachte zum Jubil\u00e4um sieben interessante Meilensteine aus der Polo-Geschichte mit, drei davon sogar mit G-Lader: der 1985er \u201eWeltrekord G40\u201c, ein \u00d6ko-Polo D.i. G40 und ein Facelift Polo G40.<br><\/p>\n\n\n\n<p>Die Berichterstattung von Volkswagen bzw. Volkswagen Classic war umfassend, so entstanden zahlreiche Youtube-Beitr\u00e4ge, Themen auf der Webseite von Volkswagen Classic, gedruckte Brosch\u00fcren und noch einiges mehr.<\/p>\n\n\n\n<figure class=\"wp-block-gallery has-nested-images columns-default is-cropped wp-block-gallery-1 is-layout-flex wp-block-gallery-is-layout-flex\">\n<figure class=\"wp-block-image size-large\"><img loading=\"lazy\" decoding=\"async\" width=\"1024\" height=\"444\" data-id=\"1684\" src=\"https:\/\/www.g-lader.info\/vwpoloigdeutschlandev\/wp-content\/uploads\/2015\/04\/DSCF-041-1024x444.jpg\" alt=\"\" class=\"wp-image-1684\" srcset=\"https:\/\/www.g-lader.info\/vwpoloigdeutschlandev\/wp-content\/uploads\/2015\/04\/DSCF-041-1024x444.jpg 1024w, https:\/\/www.g-lader.info\/vwpoloigdeutschlandev\/wp-content\/uploads\/2015\/04\/DSCF-041-300x130.jpg 300w, https:\/\/www.g-lader.info\/vwpoloigdeutschlandev\/wp-content\/uploads\/2015\/04\/DSCF-041-768x333.jpg 768w, https:\/\/www.g-lader.info\/vwpoloigdeutschlandev\/wp-content\/uploads\/2015\/04\/DSCF-041-1536x665.jpg 1536w, https:\/\/www.g-lader.info\/vwpoloigdeutschlandev\/wp-content\/uploads\/2015\/04\/DSCF-041-2048x887.jpg 2048w\" sizes=\"auto, (max-width: 1024px) 100vw, 1024px\" \/><\/figure>\n\n\n\n<figure class=\"wp-block-image size-large\"><img loading=\"lazy\" decoding=\"async\" width=\"1024\" height=\"404\" data-id=\"1685\" src=\"https:\/\/www.g-lader.info\/vwpoloigdeutschlandev\/wp-content\/uploads\/2015\/04\/DSCF-052-1024x404.jpg\" alt=\"\" class=\"wp-image-1685\" srcset=\"https:\/\/www.g-lader.info\/vwpoloigdeutschlandev\/wp-content\/uploads\/2015\/04\/DSCF-052-1024x404.jpg 1024w, https:\/\/www.g-lader.info\/vwpoloigdeutschlandev\/wp-content\/uploads\/2015\/04\/DSCF-052-300x119.jpg 300w, https:\/\/www.g-lader.info\/vwpoloigdeutschlandev\/wp-content\/uploads\/2015\/04\/DSCF-052-768x303.jpg 768w, https:\/\/www.g-lader.info\/vwpoloigdeutschlandev\/wp-content\/uploads\/2015\/04\/DSCF-052-1536x607.jpg 1536w, https:\/\/www.g-lader.info\/vwpoloigdeutschlandev\/wp-content\/uploads\/2015\/04\/DSCF-052-2048x809.jpg 2048w\" sizes=\"auto, (max-width: 1024px) 100vw, 1024px\" \/><\/figure>\n\n\n\n<figure class=\"wp-block-image size-large\"><img loading=\"lazy\" decoding=\"async\" width=\"1024\" height=\"768\" data-id=\"1686\" src=\"https:\/\/www.g-lader.info\/vwpoloigdeutschlandev\/wp-content\/uploads\/2015\/04\/DSCF-091-1024x768.jpg\" alt=\"\" class=\"wp-image-1686\" srcset=\"https:\/\/www.g-lader.info\/vwpoloigdeutschlandev\/wp-content\/uploads\/2015\/04\/DSCF-091-1024x768.jpg 1024w, https:\/\/www.g-lader.info\/vwpoloigdeutschlandev\/wp-content\/uploads\/2015\/04\/DSCF-091-300x225.jpg 300w, https:\/\/www.g-lader.info\/vwpoloigdeutschlandev\/wp-content\/uploads\/2015\/04\/DSCF-091-768x576.jpg 768w, https:\/\/www.g-lader.info\/vwpoloigdeutschlandev\/wp-content\/uploads\/2015\/04\/DSCF-091-1536x1152.jpg 1536w, https:\/\/www.g-lader.info\/vwpoloigdeutschlandev\/wp-content\/uploads\/2015\/04\/DSCF-091-2048x1536.jpg 2048w\" sizes=\"auto, (max-width: 1024px) 100vw, 1024px\" \/><\/figure>\n\n\n\n<figure class=\"wp-block-image size-large\"><img loading=\"lazy\" decoding=\"async\" width=\"900\" height=\"600\" data-id=\"1680\" src=\"https:\/\/www.g-lader.info\/vwpoloigdeutschlandev\/wp-content\/uploads\/2015\/04\/image_gallery42.jpg\" alt=\"\" class=\"wp-image-1680\" srcset=\"https:\/\/www.g-lader.info\/vwpoloigdeutschlandev\/wp-content\/uploads\/2015\/04\/image_gallery42.jpg 900w, https:\/\/www.g-lader.info\/vwpoloigdeutschlandev\/wp-content\/uploads\/2015\/04\/image_gallery42-300x200.jpg 300w, https:\/\/www.g-lader.info\/vwpoloigdeutschlandev\/wp-content\/uploads\/2015\/04\/image_gallery42-768x512.jpg 768w\" sizes=\"auto, (max-width: 900px) 100vw, 900px\" \/><\/figure>\n\n\n\n<figure class=\"wp-block-image size-large\"><img loading=\"lazy\" decoding=\"async\" width=\"900\" height=\"600\" data-id=\"1681\" src=\"https:\/\/www.g-lader.info\/vwpoloigdeutschlandev\/wp-content\/uploads\/2015\/04\/image_gallery43.jpg\" alt=\"\" class=\"wp-image-1681\" srcset=\"https:\/\/www.g-lader.info\/vwpoloigdeutschlandev\/wp-content\/uploads\/2015\/04\/image_gallery43.jpg 900w, https:\/\/www.g-lader.info\/vwpoloigdeutschlandev\/wp-content\/uploads\/2015\/04\/image_gallery43-300x200.jpg 300w, https:\/\/www.g-lader.info\/vwpoloigdeutschlandev\/wp-content\/uploads\/2015\/04\/image_gallery43-768x512.jpg 768w\" sizes=\"auto, (max-width: 900px) 100vw, 900px\" \/><\/figure>\n\n\n\n<figure class=\"wp-block-image size-large\"><img loading=\"lazy\" decoding=\"async\" width=\"900\" height=\"600\" data-id=\"1682\" src=\"https:\/\/www.g-lader.info\/vwpoloigdeutschlandev\/wp-content\/uploads\/2015\/04\/image_gallery44.jpg\" alt=\"\" class=\"wp-image-1682\" srcset=\"https:\/\/www.g-lader.info\/vwpoloigdeutschlandev\/wp-content\/uploads\/2015\/04\/image_gallery44.jpg 900w, https:\/\/www.g-lader.info\/vwpoloigdeutschlandev\/wp-content\/uploads\/2015\/04\/image_gallery44-300x200.jpg 300w, https:\/\/www.g-lader.info\/vwpoloigdeutschlandev\/wp-content\/uploads\/2015\/04\/image_gallery44-768x512.jpg 768w\" sizes=\"auto, (max-width: 900px) 100vw, 900px\" \/><\/figure>\n\n\n\n<figure class=\"wp-block-image size-large\"><img loading=\"lazy\" decoding=\"async\" width=\"900\" height=\"600\" data-id=\"1683\" src=\"https:\/\/www.g-lader.info\/vwpoloigdeutschlandev\/wp-content\/uploads\/2015\/04\/image_gallery45.jpg\" alt=\"\" class=\"wp-image-1683\" srcset=\"https:\/\/www.g-lader.info\/vwpoloigdeutschlandev\/wp-content\/uploads\/2015\/04\/image_gallery45.jpg 900w, https:\/\/www.g-lader.info\/vwpoloigdeutschlandev\/wp-content\/uploads\/2015\/04\/image_gallery45-300x200.jpg 300w, https:\/\/www.g-lader.info\/vwpoloigdeutschlandev\/wp-content\/uploads\/2015\/04\/image_gallery45-768x512.jpg 768w\" sizes=\"auto, (max-width: 900px) 100vw, 900px\" \/><\/figure>\n\n\n\n<figure class=\"wp-block-image size-large\"><img loading=\"lazy\" decoding=\"async\" width=\"1024\" height=\"768\" data-id=\"1690\" src=\"https:\/\/www.g-lader.info\/vwpoloigdeutschlandev\/wp-content\/uploads\/2015\/04\/IMG_0018-1024x768.jpg\" alt=\"\" class=\"wp-image-1690\" srcset=\"https:\/\/www.g-lader.info\/vwpoloigdeutschlandev\/wp-content\/uploads\/2015\/04\/IMG_0018-1024x768.jpg 1024w, https:\/\/www.g-lader.info\/vwpoloigdeutschlandev\/wp-content\/uploads\/2015\/04\/IMG_0018-300x225.jpg 300w, https:\/\/www.g-lader.info\/vwpoloigdeutschlandev\/wp-content\/uploads\/2015\/04\/IMG_0018-768x576.jpg 768w, https:\/\/www.g-lader.info\/vwpoloigdeutschlandev\/wp-content\/uploads\/2015\/04\/IMG_0018-1536x1152.jpg 1536w, https:\/\/www.g-lader.info\/vwpoloigdeutschlandev\/wp-content\/uploads\/2015\/04\/IMG_0018-2048x1536.jpg 2048w\" sizes=\"auto, (max-width: 1024px) 100vw, 1024px\" \/><\/figure>\n\n\n\n<figure class=\"wp-block-image size-large\"><img loading=\"lazy\" decoding=\"async\" width=\"960\" height=\"638\" data-id=\"1688\" src=\"https:\/\/www.g-lader.info\/vwpoloigdeutschlandev\/wp-content\/uploads\/2015\/04\/1383477_827610363998368_4477194188408320969_n.jpg\" alt=\"\" class=\"wp-image-1688\" srcset=\"https:\/\/www.g-lader.info\/vwpoloigdeutschlandev\/wp-content\/uploads\/2015\/04\/1383477_827610363998368_4477194188408320969_n.jpg 960w, https:\/\/www.g-lader.info\/vwpoloigdeutschlandev\/wp-content\/uploads\/2015\/04\/1383477_827610363998368_4477194188408320969_n-300x199.jpg 300w, https:\/\/www.g-lader.info\/vwpoloigdeutschlandev\/wp-content\/uploads\/2015\/04\/1383477_827610363998368_4477194188408320969_n-768x510.jpg 768w\" sizes=\"auto, (max-width: 960px) 100vw, 960px\" \/><\/figure>\n\n\n\n<figure class=\"wp-block-image size-large\"><img loading=\"lazy\" decoding=\"async\" width=\"900\" height=\"600\" data-id=\"1687\" src=\"https:\/\/www.g-lader.info\/vwpoloigdeutschlandev\/wp-content\/uploads\/2015\/04\/image_gallery51.jpg\" alt=\"\" class=\"wp-image-1687\" srcset=\"https:\/\/www.g-lader.info\/vwpoloigdeutschlandev\/wp-content\/uploads\/2015\/04\/image_gallery51.jpg 900w, https:\/\/www.g-lader.info\/vwpoloigdeutschlandev\/wp-content\/uploads\/2015\/04\/image_gallery51-300x200.jpg 300w, https:\/\/www.g-lader.info\/vwpoloigdeutschlandev\/wp-content\/uploads\/2015\/04\/image_gallery51-768x512.jpg 768w\" sizes=\"auto, (max-width: 900px) 100vw, 900px\" \/><\/figure>\n\n\n\n<figure class=\"wp-block-image size-large\"><img loading=\"lazy\" decoding=\"async\" width=\"1024\" height=\"768\" data-id=\"1689\" src=\"https:\/\/www.g-lader.info\/vwpoloigdeutschlandev\/wp-content\/uploads\/2015\/04\/IMG_0013-1024x768.jpg\" alt=\"\" class=\"wp-image-1689\" srcset=\"https:\/\/www.g-lader.info\/vwpoloigdeutschlandev\/wp-content\/uploads\/2015\/04\/IMG_0013-1024x768.jpg 1024w, https:\/\/www.g-lader.info\/vwpoloigdeutschlandev\/wp-content\/uploads\/2015\/04\/IMG_0013-300x225.jpg 300w, https:\/\/www.g-lader.info\/vwpoloigdeutschlandev\/wp-content\/uploads\/2015\/04\/IMG_0013-768x576.jpg 768w, https:\/\/www.g-lader.info\/vwpoloigdeutschlandev\/wp-content\/uploads\/2015\/04\/IMG_0013-1536x1152.jpg 1536w, https:\/\/www.g-lader.info\/vwpoloigdeutschlandev\/wp-content\/uploads\/2015\/04\/IMG_0013-2048x1536.jpg 2048w\" sizes=\"auto, (max-width: 1024px) 100vw, 1024px\" \/><\/figure>\n<\/figure>\n","protected":false},"excerpt":{"rendered":"<p>Die Techno Classica war der Grund, warum es hier in letzter Zeit etwas still wurde. Uns wurde die Ehre zu<\/p>\n","protected":false},"author":1,"featured_media":504,"comment_status":"closed","ping_status":"open","sticky":false,"template":"","format":"standard","meta":{"colormag_page_container_layout":"default_layout","colormag_page_sidebar_layout":"default_layout","footnotes":""},"categories":[1],"tags":[],"class_list":["post-1664","post","type-post","status-publish","format-standard","has-post-thumbnail","hentry","category-allgemein"],"_links":{"self":[{"href":"https:\/\/www.g-lader.info\/vwpoloigdeutschlandev\/index.php?rest_route=\/wp\/v2\/posts\/1664","targetHints":{"allow":["GET"]}}],"collection":[{"href":"https:\/\/www.g-lader.info\/vwpoloigdeutschlandev\/index.php?rest_route=\/wp\/v2\/posts"}],"about":[{"href":"https:\/\/www.g-lader.info\/vwpoloigdeutschlandev\/index.php?rest_route=\/wp\/v2\/types\/post"}],"author":[{"embeddable":true,"href":"https:\/\/www.g-lader.info\/vwpoloigdeutschlandev\/index.php?rest_route=\/wp\/v2\/users\/1"}],"replies":[{"embeddable":true,"href":"https:\/\/www.g-lader.info\/vwpoloigdeutschlandev\/index.php?rest_route=%2Fwp%2Fv2%2Fcomments&post=1664"}],"version-history":[{"count":2,"href":"https:\/\/www.g-lader.info\/vwpoloigdeutschlandev\/index.php?rest_route=\/wp\/v2\/posts\/1664\/revisions"}],"predecessor-version":[{"id":1691,"href":"https:\/\/www.g-lader.info\/vwpoloigdeutschlandev\/index.php?rest_route=\/wp\/v2\/posts\/1664\/revisions\/1691"}],"wp:featuredmedia":[{"embeddable":true,"href":"https:\/\/www.g-lader.info\/vwpoloigdeutschlandev\/index.php?rest_route=\/wp\/v2\/media\/504"}],"wp:attachment":[{"href":"https:\/\/www.g-lader.info\/vwpoloigdeutschlandev\/index.php?rest_route=%2Fwp%2Fv2%2Fmedia&parent=1664"}],"wp:term":[{"taxonomy":"category","embeddable":true,"href":"https:\/\/www.g-lader.info\/vwpoloigdeutschlandev\/index.php?rest_route=%2Fwp%2Fv2%2Fcategories&post=1664"},{"taxonomy":"post_tag","embeddable":true,"href":"https:\/\/www.g-lader.info\/vwpoloigdeutschlandev\/index.php?rest_route=%2Fwp%2Fv2%2Ftags&post=1664"}],"curies":[{"name":"wp","href":"https:\/\/api.w.org\/{rel}","templated":true}]}}