{"id":1692,"date":"2025-02-15T12:03:00","date_gmt":"2025-02-15T11:03:00","guid":{"rendered":"http:\/\/www.g-lader.info\/vwpoloigdeutschlandev\/?p=1692"},"modified":"2025-04-15T12:07:25","modified_gmt":"2025-04-15T10:07:25","slug":"vw-polo-ig-friends-50-jahre-vw-polo-treffen-am-automuseum-wolfsburg","status":"publish","type":"post","link":"https:\/\/www.g-lader.info\/vwpoloigdeutschlandev\/?p=1692","title":{"rendered":"VW Polo IG &amp; Friends | 50 Jahre VW Polo-Treffen am AutoMuseum Wolfsburg"},"content":{"rendered":"\n<p>Die VW Polo IG Deutschland e.V. feiert den 50. Geburtstag des VW Polo und l\u00e4dt ein zu einem offenen Treffen klassischer VW Polo, Derby und Audi 50 am Volkswagen AutoMuseum Wolfsburg.<br>Wir m\u00f6chten Euch ein zwangloses Meet&amp;Greet anbieten mit vielen Benzingespr\u00e4chen am vielleicht sch\u00f6nsten Ort in Wolfsburg. Das AutoMuseum Volkswagen ist als &#8222;Schatzkammer der Marke&#8220; H\u00fcter und Bewahrer einzigartiger Exponate aus der Volkswagen-Geschichte. Zum 50. Geburtstag des Modells POLO lassen wir uns auch noch einige besondere Attraktionen einfallen.<\/p>\n\n\n\n<p>Anschrift f\u00fcrs Navi: Lerchenweg 30, 38446 Wolfsburg.<\/p>\n\n\n\n<p>F\u00fcr das Polo-Treffen wird kein Eintritt erhoben. Eintritt ins Volkswagen AutoMuseum siehe Aushang vor Ort. Stellfl\u00e4chen auf dem Parkplatz vom AutoMuseum nach Verf\u00fcgbarkeit (ca. 100 Pl\u00e4tze), ansonsten bitte auf umliegende Parkpl\u00e4tze ausweichen. Ein McDonald&#8217;s Schnellrestaurant befindet sich gegen\u00fcber, (gute!) Pizza fu\u00dfl\u00e4ufig. (Privater) Teilemarkt ohne R\u00fccksprache m\u00f6glich.<\/p>\n\n\n\n<ul class=\"wp-block-list\">\n<li>wo: am Volkswagen AutoMusem Wolfsburg &#8211; Anschrift f\u00fcr das Navi: Lerchenweg 30, 38446 Wolfsburg<\/li>\n\n\n\n<li>wann: Samstag, 2. August 2025 ab 10.00 Uhr<\/li>\n<\/ul>\n\n\n\n<figure class=\"wp-block-image size-large\"><img loading=\"lazy\" decoding=\"async\" width=\"2560\" height=\"1440\" src=\"https:\/\/www.g-lader.info\/vwpoloigdeutschlandev\/wp-content\/uploads\/2025\/04\/IMG_3427-edited-scaled.jpg\" alt=\"\" class=\"wp-image-1694\" srcset=\"https:\/\/www.g-lader.info\/vwpoloigdeutschlandev\/wp-content\/uploads\/2025\/04\/IMG_3427-edited-scaled.jpg 2560w, https:\/\/www.g-lader.info\/vwpoloigdeutschlandev\/wp-content\/uploads\/2025\/04\/IMG_3427-edited-300x169.jpg 300w, https:\/\/www.g-lader.info\/vwpoloigdeutschlandev\/wp-content\/uploads\/2025\/04\/IMG_3427-edited-1024x576.jpg 1024w, https:\/\/www.g-lader.info\/vwpoloigdeutschlandev\/wp-content\/uploads\/2025\/04\/IMG_3427-edited-768x432.jpg 768w, https:\/\/www.g-lader.info\/vwpoloigdeutschlandev\/wp-content\/uploads\/2025\/04\/IMG_3427-edited-1536x864.jpg 1536w, https:\/\/www.g-lader.info\/vwpoloigdeutschlandev\/wp-content\/uploads\/2025\/04\/IMG_3427-edited-2048x1152.jpg 2048w\" sizes=\"auto, (max-width: 2560px) 100vw, 2560px\" \/><\/figure>\n","protected":false},"excerpt":{"rendered":"<p>Die VW Polo IG Deutschland e.V. feiert den 50. Geburtstag des VW Polo und l\u00e4dt ein zu einem offenen Treffen<\/p>\n","protected":false},"author":1,"featured_media":1693,"comment_status":"closed","ping_status":"open","sticky":false,"template":"","format":"standard","meta":{"colormag_page_container_layout":"default_layout","colormag_page_sidebar_layout":"default_layout","footnotes":""},"categories":[16,32,13],"tags":[],"class_list":["post-1692","post","type-post","status-publish","format-standard","has-post-thumbnail","hentry","category-aktuelles","category-treffen","category-verein"],"_links":{"self":[{"href":"https:\/\/www.g-lader.info\/vwpoloigdeutschlandev\/index.php?rest_route=\/wp\/v2\/posts\/1692","targetHints":{"allow":["GET"]}}],"collection":[{"href":"https:\/\/www.g-lader.info\/vwpoloigdeutschlandev\/index.php?rest_route=\/wp\/v2\/posts"}],"about":[{"href":"https:\/\/www.g-lader.info\/vwpoloigdeutschlandev\/index.php?rest_route=\/wp\/v2\/types\/post"}],"author":[{"embeddable":true,"href":"https:\/\/www.g-lader.info\/vwpoloigdeutschlandev\/index.php?rest_route=\/wp\/v2\/users\/1"}],"replies":[{"embeddable":true,"href":"https:\/\/www.g-lader.info\/vwpoloigdeutschlandev\/index.php?rest_route=%2Fwp%2Fv2%2Fcomments&post=1692"}],"version-history":[{"count":1,"href":"https:\/\/www.g-lader.info\/vwpoloigdeutschlandev\/index.php?rest_route=\/wp\/v2\/posts\/1692\/revisions"}],"predecessor-version":[{"id":1695,"href":"https:\/\/www.g-lader.info\/vwpoloigdeutschlandev\/index.php?rest_route=\/wp\/v2\/posts\/1692\/revisions\/1695"}],"wp:featuredmedia":[{"embeddable":true,"href":"https:\/\/www.g-lader.info\/vwpoloigdeutschlandev\/index.php?rest_route=\/wp\/v2\/media\/1693"}],"wp:attachment":[{"href":"https:\/\/www.g-lader.info\/vwpoloigdeutschlandev\/index.php?rest_route=%2Fwp%2Fv2%2Fmedia&parent=1692"}],"wp:term":[{"taxonomy":"category","embeddable":true,"href":"https:\/\/www.g-lader.info\/vwpoloigdeutschlandev\/index.php?rest_route=%2Fwp%2Fv2%2Fcategories&post=1692"},{"taxonomy":"post_tag","embeddable":true,"href":"https:\/\/www.g-lader.info\/vwpoloigdeutschlandev\/index.php?rest_route=%2Fwp%2Fv2%2Ftags&post=1692"}],"curies":[{"name":"wp","href":"https:\/\/api.w.org\/{rel}","templated":true}]}}