{"id":1696,"date":"2023-01-15T12:08:00","date_gmt":"2023-01-15T11:08:00","guid":{"rendered":"http:\/\/www.g-lader.info\/vwpoloigdeutschlandev\/?p=1696"},"modified":"2025-04-15T16:00:34","modified_gmt":"2025-04-15T14:00:34","slug":"vw-polo-ig-friends-polo-treffen-am-volkswagen-automuseum","status":"publish","type":"post","link":"https:\/\/www.g-lader.info\/vwpoloigdeutschlandev\/?p=1696","title":{"rendered":"VW Polo IG &amp; Friends | Polo-Treffen am Volkswagen AutoMuseum"},"content":{"rendered":"\n<p>Die VW Polo IG Deutschland e.V. feiert das 10-J\u00e4hrige Bestehen als eingetragener Verein und l\u00e4dt ein zu einem offenen Treffen klassischer VW Polo, Derby und Audi 50 am Volkswagen AutoMuseum Wolfsburg.<br><br>Wir m\u00f6chten Euch ein zwangloses Meet&amp;Greet anbieten mit vielen Benzingespr\u00e4chen am vielleicht sch\u00f6nsten Ort in Wolfsburg.<br>Kein Programm, keine Pokale, keine Spielchen -> mehr Zeit f\u00fcr Gespr\u00e4che.<\/p>\n\n\n\n<p>Anschrift f\u00fcrs Navi: Dieselstr. 35, 38446 Wolfsburg &#8211; Parkplatz im Lerchenweg.<\/p>\n\n\n\n<p>F\u00fcr das Polo-Treffen wird kein Eintritt erhoben. Eintritt ins Volkswagen AutoMuseum siehe Aushang vor Ort. Stellfl\u00e4chen auf dem Parkplatz vom AutoMuseum nach Verf\u00fcgbarkeit (ca. 100 Pl\u00e4tze), ansonsten bitte auf umliegende Parkpl\u00e4tze ausweichen. Ein McDonald&#8217;s Schnellrestaurant befindet sich gegen\u00fcber, (gute!) Pizza fu\u00dfl\u00e4ufig. (Privater) Teilemarkt ohne R\u00fccksprache m\u00f6glich, H\u00e4ndleranfragen sind unerw\u00fcnscht.<\/p>\n\n\n\n<ul class=\"wp-block-list\">\n<li>wo: Stiftung AutoMuseum Volkswagen,  Dieselstr. 35, 38446 Wolfsburg &#8211; Parkplatz im Lerchenweg<\/li>\n\n\n\n<li>wann: Samstag, 9. September 2023 ab 10.00 Uhr<\/li>\n<\/ul>\n\n\n\n<figure class=\"wp-block-image size-full\"><img loading=\"lazy\" decoding=\"async\" width=\"960\" height=\"640\" src=\"https:\/\/www.g-lader.info\/vwpoloigdeutschlandev\/wp-content\/uploads\/2025\/04\/487563501_1214499097345771_3331009524248031006_n.jpg\" alt=\"\" class=\"wp-image-1697\" srcset=\"https:\/\/www.g-lader.info\/vwpoloigdeutschlandev\/wp-content\/uploads\/2025\/04\/487563501_1214499097345771_3331009524248031006_n.jpg 960w, https:\/\/www.g-lader.info\/vwpoloigdeutschlandev\/wp-content\/uploads\/2025\/04\/487563501_1214499097345771_3331009524248031006_n-300x200.jpg 300w, https:\/\/www.g-lader.info\/vwpoloigdeutschlandev\/wp-content\/uploads\/2025\/04\/487563501_1214499097345771_3331009524248031006_n-768x512.jpg 768w\" sizes=\"auto, (max-width: 960px) 100vw, 960px\" \/><\/figure>\n","protected":false},"excerpt":{"rendered":"<p>Die VW Polo IG Deutschland e.V. feiert das 10-J\u00e4hrige Bestehen als eingetragener Verein und l\u00e4dt ein zu einem offenen Treffen<\/p>\n","protected":false},"author":1,"featured_media":1694,"comment_status":"closed","ping_status":"open","sticky":false,"template":"","format":"standard","meta":{"colormag_page_container_layout":"default_layout","colormag_page_sidebar_layout":"default_layout","footnotes":""},"categories":[32,13],"tags":[],"class_list":["post-1696","post","type-post","status-publish","format-standard","has-post-thumbnail","hentry","category-treffen","category-verein"],"_links":{"self":[{"href":"https:\/\/www.g-lader.info\/vwpoloigdeutschlandev\/index.php?rest_route=\/wp\/v2\/posts\/1696","targetHints":{"allow":["GET"]}}],"collection":[{"href":"https:\/\/www.g-lader.info\/vwpoloigdeutschlandev\/index.php?rest_route=\/wp\/v2\/posts"}],"about":[{"href":"https:\/\/www.g-lader.info\/vwpoloigdeutschlandev\/index.php?rest_route=\/wp\/v2\/types\/post"}],"author":[{"embeddable":true,"href":"https:\/\/www.g-lader.info\/vwpoloigdeutschlandev\/index.php?rest_route=\/wp\/v2\/users\/1"}],"replies":[{"embeddable":true,"href":"https:\/\/www.g-lader.info\/vwpoloigdeutschlandev\/index.php?rest_route=%2Fwp%2Fv2%2Fcomments&post=1696"}],"version-history":[{"count":1,"href":"https:\/\/www.g-lader.info\/vwpoloigdeutschlandev\/index.php?rest_route=\/wp\/v2\/posts\/1696\/revisions"}],"predecessor-version":[{"id":1698,"href":"https:\/\/www.g-lader.info\/vwpoloigdeutschlandev\/index.php?rest_route=\/wp\/v2\/posts\/1696\/revisions\/1698"}],"wp:featuredmedia":[{"embeddable":true,"href":"https:\/\/www.g-lader.info\/vwpoloigdeutschlandev\/index.php?rest_route=\/wp\/v2\/media\/1694"}],"wp:attachment":[{"href":"https:\/\/www.g-lader.info\/vwpoloigdeutschlandev\/index.php?rest_route=%2Fwp%2Fv2%2Fmedia&parent=1696"}],"wp:term":[{"taxonomy":"category","embeddable":true,"href":"https:\/\/www.g-lader.info\/vwpoloigdeutschlandev\/index.php?rest_route=%2Fwp%2Fv2%2Fcategories&post=1696"},{"taxonomy":"post_tag","embeddable":true,"href":"https:\/\/www.g-lader.info\/vwpoloigdeutschlandev\/index.php?rest_route=%2Fwp%2Fv2%2Ftags&post=1696"}],"curies":[{"name":"wp","href":"https:\/\/api.w.org\/{rel}","templated":true}]}}