{"id":2020,"date":"2025-04-28T09:20:22","date_gmt":"2025-04-28T07:20:22","guid":{"rendered":"https:\/\/www.g-lader.info\/vwpoloigdeutschlandev\/?p=2020"},"modified":"2025-11-19T14:06:34","modified_gmt":"2025-11-19T13:06:34","slug":"50-jahre-vw-polo-treffen-bei-volkswagen-classic-parts","status":"publish","type":"post","link":"https:\/\/www.g-lader.info\/vwpoloigdeutschlandev\/?p=2020","title":{"rendered":"50 Jahre VW Polo-Treffen bei Volkswagen Classic Parts"},"content":{"rendered":"\n<p>Zum Anlass des 50. Geburtstages des VW Polo lud Volkswagen Classic Parts Clubs und Polo-Fans zum Zentrallager nach Breuna ein. Die Teilnehmer konnten ca. 100 Tickets in einem Preisausschreiben gewinnen oder wurden auf pers\u00f6nliche Ansprache bzw. \u00fcber Clubs eingeladen. W\u00e4hrend des Treffens konnten die Besucher das Ersatzteile-Lager von Volkswagen Classic Parts besichtigen und erhielten zur Erinnerung ein Polaroid vom eigenen Polo.<\/p>\n\n\n\n<p><br>Die Teilnehmer der VW Polo IG Deutschland e.V. nutzten diesen Tag bei bestem Wetter, um nat\u00fcrlich auf eigener Achse anzureisen. An dieser Stelle m\u00f6chten wir Volkswagen Classic Parts f\u00fcr die Einladung danken, es war eine sch\u00f6ne Veranstaltung mit interessanten Einblicken!<\/p>\n\n\n\n<figure class=\"wp-block-gallery has-nested-images columns-default is-cropped wp-block-gallery-1 is-layout-flex wp-block-gallery-is-layout-flex\">\n<figure class=\"wp-block-image size-large\"><img loading=\"lazy\" decoding=\"async\" width=\"819\" height=\"1024\" data-id=\"2410\" src=\"https:\/\/www.g-lader.info\/vwpoloigdeutschlandev\/wp-content\/uploads\/2025\/04\/491465021_18063551630050181_4744388574325050455_n-819x1024.jpg\" alt=\"\" class=\"wp-image-2410\" srcset=\"https:\/\/www.g-lader.info\/vwpoloigdeutschlandev\/wp-content\/uploads\/2025\/04\/491465021_18063551630050181_4744388574325050455_n-819x1024.jpg 819w, https:\/\/www.g-lader.info\/vwpoloigdeutschlandev\/wp-content\/uploads\/2025\/04\/491465021_18063551630050181_4744388574325050455_n-240x300.jpg 240w, https:\/\/www.g-lader.info\/vwpoloigdeutschlandev\/wp-content\/uploads\/2025\/04\/491465021_18063551630050181_4744388574325050455_n-768x960.jpg 768w, https:\/\/www.g-lader.info\/vwpoloigdeutschlandev\/wp-content\/uploads\/2025\/04\/491465021_18063551630050181_4744388574325050455_n-1229x1536.jpg 1229w, https:\/\/www.g-lader.info\/vwpoloigdeutschlandev\/wp-content\/uploads\/2025\/04\/491465021_18063551630050181_4744388574325050455_n.jpg 1440w\" sizes=\"auto, (max-width: 819px) 100vw, 819px\" \/><\/figure>\n\n\n\n<figure class=\"wp-block-image size-large\"><img loading=\"lazy\" decoding=\"async\" width=\"819\" height=\"1024\" data-id=\"2411\" src=\"https:\/\/www.g-lader.info\/vwpoloigdeutschlandev\/wp-content\/uploads\/2025\/04\/491526305_18063551621050181_6622822714308332208_n-819x1024.jpg\" alt=\"\" class=\"wp-image-2411\" srcset=\"https:\/\/www.g-lader.info\/vwpoloigdeutschlandev\/wp-content\/uploads\/2025\/04\/491526305_18063551621050181_6622822714308332208_n-819x1024.jpg 819w, https:\/\/www.g-lader.info\/vwpoloigdeutschlandev\/wp-content\/uploads\/2025\/04\/491526305_18063551621050181_6622822714308332208_n-240x300.jpg 240w, https:\/\/www.g-lader.info\/vwpoloigdeutschlandev\/wp-content\/uploads\/2025\/04\/491526305_18063551621050181_6622822714308332208_n-768x960.jpg 768w, https:\/\/www.g-lader.info\/vwpoloigdeutschlandev\/wp-content\/uploads\/2025\/04\/491526305_18063551621050181_6622822714308332208_n-1229x1536.jpg 1229w, https:\/\/www.g-lader.info\/vwpoloigdeutschlandev\/wp-content\/uploads\/2025\/04\/491526305_18063551621050181_6622822714308332208_n.jpg 1440w\" sizes=\"auto, (max-width: 819px) 100vw, 819px\" \/><\/figure>\n\n\n\n<figure class=\"wp-block-image size-large\"><img loading=\"lazy\" decoding=\"async\" width=\"819\" height=\"1024\" data-id=\"2412\" src=\"https:\/\/www.g-lader.info\/vwpoloigdeutschlandev\/wp-content\/uploads\/2025\/04\/491460133_18063551657050181_5598672458551891474_n-819x1024.jpg\" alt=\"\" class=\"wp-image-2412\" srcset=\"https:\/\/www.g-lader.info\/vwpoloigdeutschlandev\/wp-content\/uploads\/2025\/04\/491460133_18063551657050181_5598672458551891474_n-819x1024.jpg 819w, https:\/\/www.g-lader.info\/vwpoloigdeutschlandev\/wp-content\/uploads\/2025\/04\/491460133_18063551657050181_5598672458551891474_n-240x300.jpg 240w, https:\/\/www.g-lader.info\/vwpoloigdeutschlandev\/wp-content\/uploads\/2025\/04\/491460133_18063551657050181_5598672458551891474_n-768x960.jpg 768w, https:\/\/www.g-lader.info\/vwpoloigdeutschlandev\/wp-content\/uploads\/2025\/04\/491460133_18063551657050181_5598672458551891474_n.jpg 900w\" sizes=\"auto, (max-width: 819px) 100vw, 819px\" \/><\/figure>\n\n\n\n<figure class=\"wp-block-image size-large\"><img loading=\"lazy\" decoding=\"async\" width=\"820\" height=\"1024\" data-id=\"2413\" src=\"https:\/\/www.g-lader.info\/vwpoloigdeutschlandev\/wp-content\/uploads\/2025\/04\/491452473_18063551675050181_3666084661810671754_n-820x1024.jpg\" alt=\"\" class=\"wp-image-2413\" srcset=\"https:\/\/www.g-lader.info\/vwpoloigdeutschlandev\/wp-content\/uploads\/2025\/04\/491452473_18063551675050181_3666084661810671754_n-820x1024.jpg 820w, https:\/\/www.g-lader.info\/vwpoloigdeutschlandev\/wp-content\/uploads\/2025\/04\/491452473_18063551675050181_3666084661810671754_n-240x300.jpg 240w, https:\/\/www.g-lader.info\/vwpoloigdeutschlandev\/wp-content\/uploads\/2025\/04\/491452473_18063551675050181_3666084661810671754_n-768x960.jpg 768w, https:\/\/www.g-lader.info\/vwpoloigdeutschlandev\/wp-content\/uploads\/2025\/04\/491452473_18063551675050181_3666084661810671754_n.jpg 1163w\" sizes=\"auto, (max-width: 820px) 100vw, 820px\" \/><\/figure>\n\n\n\n<figure class=\"wp-block-image size-large\"><img loading=\"lazy\" decoding=\"async\" width=\"819\" height=\"1024\" data-id=\"2414\" src=\"https:\/\/www.g-lader.info\/vwpoloigdeutschlandev\/wp-content\/uploads\/2025\/04\/491462327_18063551639050181_6162668493422039485_n-819x1024.jpg\" alt=\"\" class=\"wp-image-2414\" srcset=\"https:\/\/www.g-lader.info\/vwpoloigdeutschlandev\/wp-content\/uploads\/2025\/04\/491462327_18063551639050181_6162668493422039485_n-819x1024.jpg 819w, https:\/\/www.g-lader.info\/vwpoloigdeutschlandev\/wp-content\/uploads\/2025\/04\/491462327_18063551639050181_6162668493422039485_n-240x300.jpg 240w, https:\/\/www.g-lader.info\/vwpoloigdeutschlandev\/wp-content\/uploads\/2025\/04\/491462327_18063551639050181_6162668493422039485_n-768x960.jpg 768w, https:\/\/www.g-lader.info\/vwpoloigdeutschlandev\/wp-content\/uploads\/2025\/04\/491462327_18063551639050181_6162668493422039485_n-1229x1536.jpg 1229w, https:\/\/www.g-lader.info\/vwpoloigdeutschlandev\/wp-content\/uploads\/2025\/04\/491462327_18063551639050181_6162668493422039485_n.jpg 1440w\" sizes=\"auto, (max-width: 819px) 100vw, 819px\" \/><\/figure>\n\n\n\n<figure class=\"wp-block-image size-large\"><img loading=\"lazy\" decoding=\"async\" width=\"820\" height=\"1024\" data-id=\"2415\" src=\"https:\/\/www.g-lader.info\/vwpoloigdeutschlandev\/wp-content\/uploads\/2025\/04\/491505483_18063551648050181_8408493831590394603_n-820x1024.jpg\" alt=\"\" class=\"wp-image-2415\" srcset=\"https:\/\/www.g-lader.info\/vwpoloigdeutschlandev\/wp-content\/uploads\/2025\/04\/491505483_18063551648050181_8408493831590394603_n-820x1024.jpg 820w, https:\/\/www.g-lader.info\/vwpoloigdeutschlandev\/wp-content\/uploads\/2025\/04\/491505483_18063551648050181_8408493831590394603_n-240x300.jpg 240w, https:\/\/www.g-lader.info\/vwpoloigdeutschlandev\/wp-content\/uploads\/2025\/04\/491505483_18063551648050181_8408493831590394603_n-768x960.jpg 768w, https:\/\/www.g-lader.info\/vwpoloigdeutschlandev\/wp-content\/uploads\/2025\/04\/491505483_18063551648050181_8408493831590394603_n-1229x1536.jpg 1229w, https:\/\/www.g-lader.info\/vwpoloigdeutschlandev\/wp-content\/uploads\/2025\/04\/491505483_18063551648050181_8408493831590394603_n.jpg 1359w\" sizes=\"auto, (max-width: 820px) 100vw, 820px\" \/><\/figure>\n\n\n\n<figure class=\"wp-block-image size-large\"><img loading=\"lazy\" decoding=\"async\" width=\"819\" height=\"1024\" data-id=\"2416\" src=\"https:\/\/www.g-lader.info\/vwpoloigdeutschlandev\/wp-content\/uploads\/2025\/04\/491453191_18063551666050181_3668930700182882915_n-819x1024.jpg\" alt=\"\" class=\"wp-image-2416\" srcset=\"https:\/\/www.g-lader.info\/vwpoloigdeutschlandev\/wp-content\/uploads\/2025\/04\/491453191_18063551666050181_3668930700182882915_n-819x1024.jpg 819w, https:\/\/www.g-lader.info\/vwpoloigdeutschlandev\/wp-content\/uploads\/2025\/04\/491453191_18063551666050181_3668930700182882915_n-240x300.jpg 240w, https:\/\/www.g-lader.info\/vwpoloigdeutschlandev\/wp-content\/uploads\/2025\/04\/491453191_18063551666050181_3668930700182882915_n-768x960.jpg 768w, https:\/\/www.g-lader.info\/vwpoloigdeutschlandev\/wp-content\/uploads\/2025\/04\/491453191_18063551666050181_3668930700182882915_n-1229x1536.jpg 1229w, https:\/\/www.g-lader.info\/vwpoloigdeutschlandev\/wp-content\/uploads\/2025\/04\/491453191_18063551666050181_3668930700182882915_n.jpg 1440w\" sizes=\"auto, (max-width: 819px) 100vw, 819px\" \/><\/figure>\n<\/figure>\n","protected":false},"excerpt":{"rendered":"<p>Zum Anlass des 50. Geburtstages des VW Polo lud Volkswagen Classic Parts Clubs und Polo-Fans zum Zentrallager nach Breuna ein.<\/p>\n","protected":false},"author":1,"featured_media":2021,"comment_status":"closed","ping_status":"open","sticky":false,"template":"","format":"standard","meta":{"colormag_page_container_layout":"default_layout","colormag_page_sidebar_layout":"default_layout","footnotes":""},"categories":[16,32],"tags":[],"class_list":["post-2020","post","type-post","status-publish","format-standard","has-post-thumbnail","hentry","category-aktuelles","category-treffen"],"_links":{"self":[{"href":"https:\/\/www.g-lader.info\/vwpoloigdeutschlandev\/index.php?rest_route=\/wp\/v2\/posts\/2020","targetHints":{"allow":["GET"]}}],"collection":[{"href":"https:\/\/www.g-lader.info\/vwpoloigdeutschlandev\/index.php?rest_route=\/wp\/v2\/posts"}],"about":[{"href":"https:\/\/www.g-lader.info\/vwpoloigdeutschlandev\/index.php?rest_route=\/wp\/v2\/types\/post"}],"author":[{"embeddable":true,"href":"https:\/\/www.g-lader.info\/vwpoloigdeutschlandev\/index.php?rest_route=\/wp\/v2\/users\/1"}],"replies":[{"embeddable":true,"href":"https:\/\/www.g-lader.info\/vwpoloigdeutschlandev\/index.php?rest_route=%2Fwp%2Fv2%2Fcomments&post=2020"}],"version-history":[{"count":4,"href":"https:\/\/www.g-lader.info\/vwpoloigdeutschlandev\/index.php?rest_route=\/wp\/v2\/posts\/2020\/revisions"}],"predecessor-version":[{"id":2417,"href":"https:\/\/www.g-lader.info\/vwpoloigdeutschlandev\/index.php?rest_route=\/wp\/v2\/posts\/2020\/revisions\/2417"}],"wp:featuredmedia":[{"embeddable":true,"href":"https:\/\/www.g-lader.info\/vwpoloigdeutschlandev\/index.php?rest_route=\/wp\/v2\/media\/2021"}],"wp:attachment":[{"href":"https:\/\/www.g-lader.info\/vwpoloigdeutschlandev\/index.php?rest_route=%2Fwp%2Fv2%2Fmedia&parent=2020"}],"wp:term":[{"taxonomy":"category","embeddable":true,"href":"https:\/\/www.g-lader.info\/vwpoloigdeutschlandev\/index.php?rest_route=%2Fwp%2Fv2%2Fcategories&post=2020"},{"taxonomy":"post_tag","embeddable":true,"href":"https:\/\/www.g-lader.info\/vwpoloigdeutschlandev\/index.php?rest_route=%2Fwp%2Fv2%2Ftags&post=2020"}],"curies":[{"name":"wp","href":"https:\/\/api.w.org\/{rel}","templated":true}]}}