{"id":2114,"date":"2015-09-20T11:55:00","date_gmt":"2015-09-20T09:55:00","guid":{"rendered":"https:\/\/www.g-lader.info\/vwpoloigdeutschlandev\/?p=2114"},"modified":"2025-04-29T12:00:48","modified_gmt":"2025-04-29T10:00:48","slug":"40-jahre-polo-mit-dem-g40-bei-der-creme-21","status":"publish","type":"post","link":"https:\/\/www.g-lader.info\/vwpoloigdeutschlandev\/?p=2114","title":{"rendered":"40 Jahre Polo | Mit dem G40 bei der Creme 21"},"content":{"rendered":"\n<p class=\"has-medium-font-size\">F\u00fcr die Unterst\u00fctzung im Jubil\u00e4umsjahr des VW Polo sind Mitglieder der VW Polo IG Deutschland von Volkswagen Classic zur Teilnahme an der Creme 21 Youngtimerrallye eingeladen worden. Andr\u00e9 und Basti starteten dabei &#8211; wie Volkswagen Classic selber &#8211; auf einem Polo G40. Angefangen am Hockenheimring ging es 5 Tage sp\u00e4ter auf dem BMW-Gel\u00e4nde in Leipzig ins Ziel. Die insgesamt 5 Polo bzw. Derby des Starterfeldes haben dabei geschnurrt wie ein Uhrwerk.<\/p>\n\n\n\n<figure class=\"wp-block-gallery has-nested-images columns-default is-cropped wp-block-gallery-1 is-layout-flex wp-block-gallery-is-layout-flex\">\n<figure class=\"wp-block-image size-large\"><img loading=\"lazy\" decoding=\"async\" width=\"960\" height=\"636\" data-id=\"2115\" src=\"https:\/\/www.g-lader.info\/vwpoloigdeutschlandev\/wp-content\/uploads\/2025\/04\/464143058_8547645638661430_3059361789515105107_n.jpg\" alt=\"\" class=\"wp-image-2115\" srcset=\"https:\/\/www.g-lader.info\/vwpoloigdeutschlandev\/wp-content\/uploads\/2025\/04\/464143058_8547645638661430_3059361789515105107_n.jpg 960w, https:\/\/www.g-lader.info\/vwpoloigdeutschlandev\/wp-content\/uploads\/2025\/04\/464143058_8547645638661430_3059361789515105107_n-300x199.jpg 300w, https:\/\/www.g-lader.info\/vwpoloigdeutschlandev\/wp-content\/uploads\/2025\/04\/464143058_8547645638661430_3059361789515105107_n-768x509.jpg 768w\" sizes=\"auto, (max-width: 960px) 100vw, 960px\" \/><\/figure>\n\n\n\n<figure class=\"wp-block-image size-large\"><img loading=\"lazy\" decoding=\"async\" width=\"960\" height=\"603\" data-id=\"2118\" src=\"https:\/\/www.g-lader.info\/vwpoloigdeutschlandev\/wp-content\/uploads\/2025\/04\/464112825_8547644565328204_2433770677425393828_n.jpg\" alt=\"\" class=\"wp-image-2118\" srcset=\"https:\/\/www.g-lader.info\/vwpoloigdeutschlandev\/wp-content\/uploads\/2025\/04\/464112825_8547644565328204_2433770677425393828_n.jpg 960w, https:\/\/www.g-lader.info\/vwpoloigdeutschlandev\/wp-content\/uploads\/2025\/04\/464112825_8547644565328204_2433770677425393828_n-300x188.jpg 300w, https:\/\/www.g-lader.info\/vwpoloigdeutschlandev\/wp-content\/uploads\/2025\/04\/464112825_8547644565328204_2433770677425393828_n-768x482.jpg 768w\" sizes=\"auto, (max-width: 960px) 100vw, 960px\" \/><\/figure>\n\n\n\n<figure class=\"wp-block-image size-large\"><img loading=\"lazy\" decoding=\"async\" width=\"960\" height=\"720\" data-id=\"2117\" src=\"https:\/\/www.g-lader.info\/vwpoloigdeutschlandev\/wp-content\/uploads\/2025\/04\/464104862_8547591645333496_7739063096669445899_n.jpg\" alt=\"\" class=\"wp-image-2117\" srcset=\"https:\/\/www.g-lader.info\/vwpoloigdeutschlandev\/wp-content\/uploads\/2025\/04\/464104862_8547591645333496_7739063096669445899_n.jpg 960w, https:\/\/www.g-lader.info\/vwpoloigdeutschlandev\/wp-content\/uploads\/2025\/04\/464104862_8547591645333496_7739063096669445899_n-300x225.jpg 300w, https:\/\/www.g-lader.info\/vwpoloigdeutschlandev\/wp-content\/uploads\/2025\/04\/464104862_8547591645333496_7739063096669445899_n-768x576.jpg 768w\" sizes=\"auto, (max-width: 960px) 100vw, 960px\" \/><\/figure>\n\n\n\n<figure class=\"wp-block-image size-large\"><img loading=\"lazy\" decoding=\"async\" width=\"960\" height=\"720\" data-id=\"2119\" src=\"https:\/\/www.g-lader.info\/vwpoloigdeutschlandev\/wp-content\/uploads\/2025\/04\/464100353_8547577332001594_3434735959329248193_n.jpg\" alt=\"\" class=\"wp-image-2119\" srcset=\"https:\/\/www.g-lader.info\/vwpoloigdeutschlandev\/wp-content\/uploads\/2025\/04\/464100353_8547577332001594_3434735959329248193_n.jpg 960w, https:\/\/www.g-lader.info\/vwpoloigdeutschlandev\/wp-content\/uploads\/2025\/04\/464100353_8547577332001594_3434735959329248193_n-300x225.jpg 300w, https:\/\/www.g-lader.info\/vwpoloigdeutschlandev\/wp-content\/uploads\/2025\/04\/464100353_8547577332001594_3434735959329248193_n-768x576.jpg 768w\" sizes=\"auto, (max-width: 960px) 100vw, 960px\" \/><\/figure>\n\n\n\n<figure class=\"wp-block-image size-large\"><img loading=\"lazy\" decoding=\"async\" width=\"960\" height=\"720\" data-id=\"2116\" src=\"https:\/\/www.g-lader.info\/vwpoloigdeutschlandev\/wp-content\/uploads\/2025\/04\/464191620_8547508465341814_7477867762029240691_n.jpg\" alt=\"\" class=\"wp-image-2116\" srcset=\"https:\/\/www.g-lader.info\/vwpoloigdeutschlandev\/wp-content\/uploads\/2025\/04\/464191620_8547508465341814_7477867762029240691_n.jpg 960w, https:\/\/www.g-lader.info\/vwpoloigdeutschlandev\/wp-content\/uploads\/2025\/04\/464191620_8547508465341814_7477867762029240691_n-300x225.jpg 300w, https:\/\/www.g-lader.info\/vwpoloigdeutschlandev\/wp-content\/uploads\/2025\/04\/464191620_8547508465341814_7477867762029240691_n-768x576.jpg 768w\" sizes=\"auto, (max-width: 960px) 100vw, 960px\" \/><\/figure>\n\n\n\n<figure class=\"wp-block-image size-large\"><img loading=\"lazy\" decoding=\"async\" width=\"960\" height=\"720\" data-id=\"2121\" src=\"https:\/\/www.g-lader.info\/vwpoloigdeutschlandev\/wp-content\/uploads\/2025\/04\/464008602_8547453892013938_2179195518335023186_n.jpg\" alt=\"\" class=\"wp-image-2121\" srcset=\"https:\/\/www.g-lader.info\/vwpoloigdeutschlandev\/wp-content\/uploads\/2025\/04\/464008602_8547453892013938_2179195518335023186_n.jpg 960w, https:\/\/www.g-lader.info\/vwpoloigdeutschlandev\/wp-content\/uploads\/2025\/04\/464008602_8547453892013938_2179195518335023186_n-300x225.jpg 300w, https:\/\/www.g-lader.info\/vwpoloigdeutschlandev\/wp-content\/uploads\/2025\/04\/464008602_8547453892013938_2179195518335023186_n-768x576.jpg 768w\" sizes=\"auto, (max-width: 960px) 100vw, 960px\" \/><\/figure>\n\n\n\n<figure class=\"wp-block-image size-large\"><img loading=\"lazy\" decoding=\"async\" width=\"960\" height=\"720\" data-id=\"2120\" src=\"https:\/\/www.g-lader.info\/vwpoloigdeutschlandev\/wp-content\/uploads\/2025\/04\/464130690_8547437492015578_8337365213967052587_n.jpg\" alt=\"\" class=\"wp-image-2120\" srcset=\"https:\/\/www.g-lader.info\/vwpoloigdeutschlandev\/wp-content\/uploads\/2025\/04\/464130690_8547437492015578_8337365213967052587_n.jpg 960w, https:\/\/www.g-lader.info\/vwpoloigdeutschlandev\/wp-content\/uploads\/2025\/04\/464130690_8547437492015578_8337365213967052587_n-300x225.jpg 300w, https:\/\/www.g-lader.info\/vwpoloigdeutschlandev\/wp-content\/uploads\/2025\/04\/464130690_8547437492015578_8337365213967052587_n-768x576.jpg 768w\" sizes=\"auto, (max-width: 960px) 100vw, 960px\" \/><\/figure>\n<\/figure>\n","protected":false},"excerpt":{"rendered":"<p>F\u00fcr die Unterst\u00fctzung im Jubil\u00e4umsjahr des VW Polo sind Mitglieder der VW Polo IG Deutschland von Volkswagen Classic zur Teilnahme<\/p>\n","protected":false},"author":1,"featured_media":2117,"comment_status":"closed","ping_status":"open","sticky":false,"template":"","format":"standard","meta":{"colormag_page_container_layout":"default_layout","colormag_page_sidebar_layout":"default_layout","footnotes":""},"categories":[32,13],"tags":[],"class_list":["post-2114","post","type-post","status-publish","format-standard","has-post-thumbnail","hentry","category-treffen","category-verein"],"_links":{"self":[{"href":"https:\/\/www.g-lader.info\/vwpoloigdeutschlandev\/index.php?rest_route=\/wp\/v2\/posts\/2114","targetHints":{"allow":["GET"]}}],"collection":[{"href":"https:\/\/www.g-lader.info\/vwpoloigdeutschlandev\/index.php?rest_route=\/wp\/v2\/posts"}],"about":[{"href":"https:\/\/www.g-lader.info\/vwpoloigdeutschlandev\/index.php?rest_route=\/wp\/v2\/types\/post"}],"author":[{"embeddable":true,"href":"https:\/\/www.g-lader.info\/vwpoloigdeutschlandev\/index.php?rest_route=\/wp\/v2\/users\/1"}],"replies":[{"embeddable":true,"href":"https:\/\/www.g-lader.info\/vwpoloigdeutschlandev\/index.php?rest_route=%2Fwp%2Fv2%2Fcomments&post=2114"}],"version-history":[{"count":1,"href":"https:\/\/www.g-lader.info\/vwpoloigdeutschlandev\/index.php?rest_route=\/wp\/v2\/posts\/2114\/revisions"}],"predecessor-version":[{"id":2122,"href":"https:\/\/www.g-lader.info\/vwpoloigdeutschlandev\/index.php?rest_route=\/wp\/v2\/posts\/2114\/revisions\/2122"}],"wp:featuredmedia":[{"embeddable":true,"href":"https:\/\/www.g-lader.info\/vwpoloigdeutschlandev\/index.php?rest_route=\/wp\/v2\/media\/2117"}],"wp:attachment":[{"href":"https:\/\/www.g-lader.info\/vwpoloigdeutschlandev\/index.php?rest_route=%2Fwp%2Fv2%2Fmedia&parent=2114"}],"wp:term":[{"taxonomy":"category","embeddable":true,"href":"https:\/\/www.g-lader.info\/vwpoloigdeutschlandev\/index.php?rest_route=%2Fwp%2Fv2%2Fcategories&post=2114"},{"taxonomy":"post_tag","embeddable":true,"href":"https:\/\/www.g-lader.info\/vwpoloigdeutschlandev\/index.php?rest_route=%2Fwp%2Fv2%2Ftags&post=2114"}],"curies":[{"name":"wp","href":"https:\/\/api.w.org\/{rel}","templated":true}]}}