{"id":2132,"date":"2021-05-17T13:00:00","date_gmt":"2021-05-17T11:00:00","guid":{"rendered":"https:\/\/www.g-lader.info\/vwpoloigdeutschlandev\/?p=2132"},"modified":"2025-04-29T13:02:10","modified_gmt":"2025-04-29T11:02:10","slug":"drei-millionen-polo","status":"publish","type":"post","link":"https:\/\/www.g-lader.info\/vwpoloigdeutschlandev\/?p=2132","title":{"rendered":"Drei Millionen Polo"},"content":{"rendered":"\n<p class=\"has-medium-font-size\">&#8222;Heute vor 30 Jahren &#8211; Millionenfach bew\u00e4hrt: der Volkswagen Polo<\/p>\n\n\n\n<p class=\"has-medium-font-size\">Mit Stolz feiert Volkswagen am 15. Mai 1991 ein bemerkenswertes Produktionsjubil\u00e4um: Der dreimillionste Polo rollt in Wolfsburg vom Band. Das Jubil\u00e4umsfahrzeug ist ein alpinwei\u00dfes Coup\u00e9 mit 75 PS.<br>G\u00fcnter Hartwich, Vorstandsmitglied Produktion, w\u00fcrdigt das Ereignis in einer Ansprache: \u201eHier an der Montagelinie 2 der Halle 10, f\u00e4hrt der dreimillionste Volkswagen Polo vom Band. Seit seiner Markteinf\u00fchrung erfreut sich dieses Modell, angesiedelt in der Fahrzeugklasse A0, einer stetig steigenden Beliebtheit\u201c.<\/p>\n\n\n\n<p class=\"has-medium-font-size\">Gleichzeitig weist das Kompaktmodell heute schon wesentliche, zukunftsweisende Features auf. So ist es das weltweit erste Fahrzeug, das in Serie mit Sto\u00dff\u00e4ngern aus Recyclingkunststoff ausgestattet wurde. Dabei werden gebrauchte, sortenrein zerlegte und zu Granulat zerkleinerte Sto\u00dff\u00e4nger zur Produktion neuer Sto\u00dff\u00e4nger verwendet.<\/p>\n\n\n\n<p class=\"has-medium-font-size\">Der Polo ist ein Fahrzeug mit geringem Gewicht und entsprechend niedrigem Kraftstoffverbrauch und erf\u00fcllt dabei die VW-typisch hohen Anspr\u00fcche an Handling und Qualit\u00e4t. Er wird in Wolfsburg und Mosel sowie im spanischen Pamplona produziert. Der im M\u00e4rz 1975 eingef\u00fchrte Polo wurde im Laufe seiner Modellgeschichte als Stufenheck-, Schr\u00e4gheck-, Steilheck- und Coup\u00e9-Version gebaut.&#8220;<\/p>\n\n\n\n<figure class=\"wp-block-image size-full\"><img loading=\"lazy\" decoding=\"async\" width=\"1000\" height=\"563\" src=\"https:\/\/www.g-lader.info\/vwpoloigdeutschlandev\/wp-content\/uploads\/2025\/04\/187189200_3992575567501816_7661531625945363732_n.jpg\" alt=\"\" class=\"wp-image-2133\" srcset=\"https:\/\/www.g-lader.info\/vwpoloigdeutschlandev\/wp-content\/uploads\/2025\/04\/187189200_3992575567501816_7661531625945363732_n.jpg 1000w, https:\/\/www.g-lader.info\/vwpoloigdeutschlandev\/wp-content\/uploads\/2025\/04\/187189200_3992575567501816_7661531625945363732_n-300x169.jpg 300w, https:\/\/www.g-lader.info\/vwpoloigdeutschlandev\/wp-content\/uploads\/2025\/04\/187189200_3992575567501816_7661531625945363732_n-768x432.jpg 768w\" sizes=\"auto, (max-width: 1000px) 100vw, 1000px\" \/><\/figure>\n\n\n\n<p class=\"has-medium-font-size\">Quelle: VW AG &#8211; Volkswagen Heritage&nbsp;<\/p>\n","protected":false},"excerpt":{"rendered":"<p>&#8222;Heute vor 30 Jahren &#8211; Millionenfach bew\u00e4hrt: der Volkswagen Polo Mit Stolz feiert Volkswagen am 15. Mai 1991 ein bemerkenswertes<\/p>\n","protected":false},"author":1,"featured_media":2133,"comment_status":"closed","ping_status":"open","sticky":false,"template":"","format":"standard","meta":{"colormag_page_container_layout":"default_layout","colormag_page_sidebar_layout":"default_layout","footnotes":""},"categories":[16,28],"tags":[],"class_list":["post-2132","post","type-post","status-publish","format-standard","has-post-thumbnail","hentry","category-aktuelles","category-modelle"],"_links":{"self":[{"href":"https:\/\/www.g-lader.info\/vwpoloigdeutschlandev\/index.php?rest_route=\/wp\/v2\/posts\/2132","targetHints":{"allow":["GET"]}}],"collection":[{"href":"https:\/\/www.g-lader.info\/vwpoloigdeutschlandev\/index.php?rest_route=\/wp\/v2\/posts"}],"about":[{"href":"https:\/\/www.g-lader.info\/vwpoloigdeutschlandev\/index.php?rest_route=\/wp\/v2\/types\/post"}],"author":[{"embeddable":true,"href":"https:\/\/www.g-lader.info\/vwpoloigdeutschlandev\/index.php?rest_route=\/wp\/v2\/users\/1"}],"replies":[{"embeddable":true,"href":"https:\/\/www.g-lader.info\/vwpoloigdeutschlandev\/index.php?rest_route=%2Fwp%2Fv2%2Fcomments&post=2132"}],"version-history":[{"count":1,"href":"https:\/\/www.g-lader.info\/vwpoloigdeutschlandev\/index.php?rest_route=\/wp\/v2\/posts\/2132\/revisions"}],"predecessor-version":[{"id":2134,"href":"https:\/\/www.g-lader.info\/vwpoloigdeutschlandev\/index.php?rest_route=\/wp\/v2\/posts\/2132\/revisions\/2134"}],"wp:featuredmedia":[{"embeddable":true,"href":"https:\/\/www.g-lader.info\/vwpoloigdeutschlandev\/index.php?rest_route=\/wp\/v2\/media\/2133"}],"wp:attachment":[{"href":"https:\/\/www.g-lader.info\/vwpoloigdeutschlandev\/index.php?rest_route=%2Fwp%2Fv2%2Fmedia&parent=2132"}],"wp:term":[{"taxonomy":"category","embeddable":true,"href":"https:\/\/www.g-lader.info\/vwpoloigdeutschlandev\/index.php?rest_route=%2Fwp%2Fv2%2Fcategories&post=2132"},{"taxonomy":"post_tag","embeddable":true,"href":"https:\/\/www.g-lader.info\/vwpoloigdeutschlandev\/index.php?rest_route=%2Fwp%2Fv2%2Ftags&post=2132"}],"curies":[{"name":"wp","href":"https:\/\/api.w.org\/{rel}","templated":true}]}}