{"id":2173,"date":"2025-05-18T12:39:31","date_gmt":"2025-05-18T10:39:31","guid":{"rendered":"https:\/\/www.g-lader.info\/vwpoloigdeutschlandev\/?p=2173"},"modified":"2025-05-20T12:44:53","modified_gmt":"2025-05-20T10:44:53","slug":"8te-nur-polo-86-86c-bbq","status":"publish","type":"post","link":"https:\/\/www.g-lader.info\/vwpoloigdeutschlandev\/?p=2173","title":{"rendered":"8te NUR Polo 86\/86c BBQ"},"content":{"rendered":"\n<p>Die 86er laden ein! Am 21. Juni 2025 findet das \u201eNUR Polo 86\/86c BBQ\u201c- Treffen in Kirchboitzen, bei Walsrode statt.<\/p>\n\n\n\n<p>Wann und wo: ab 10 Uhr auf dem Campingplatz Sonnenhof Kirchboitzen 56, 29664 Walsrode.<\/p>\n\n\n\n<p>Anfahrt: Wenn Ihr von Walsrode kommt, oder von der A27 abfahrt, bitte auf der B209 Richtung Rethem\/ Nienburg fahren &#8230; nach ca. 7 km erreicht Ihr die Ortschaft Kirchboitzen. Ca. 20 m vor dem Ortsschild links abbiegen, hinter dem Friedhof dann ca. 250m geradeaus fahren &#8230; dann ist es gleich der erste Hof auf der rechten Seite.<\/p>\n\n\n\n<p>Wer von euch am Vortag anreisen m\u00f6chte und\/oder von Samstag auf Sonntag campen m\u00f6chte, wird um verbindliche Voranmeldung gebeten. (Anmeldeformular auf Anfrage \u00fcber folgender E-Mail-Adresse: unser86ertreffen@gmx.de)<\/p>\n\n\n\n<p>Preis\u00fcbersicht:<br>Auto + Insassen: 15,- \u20ac (Tagespreis)<br>Kleine BBQ-\u00dcbersicht:<br>&#8211; gegrillte Bratwurst<br>&#8211; gegrilltes Nacken- und Gefl\u00fcgelsteak<br>&#8211; Krustenbraten aus dem Smoker\/Gasgrill<br>&#8211; Schaschlik<br>&#8211; Pulled Pork im Fladenbrot mit Krautsalat<\/p>\n\n\n\n<p>Extra: &#8211; Getr\u00e4nkestand\/ mit Kaffee (unsere Treffen-Kaffetassen 10\u20ac inkl. Tageskaffeeflat; alte vorhandene Bestandstassen k\u00f6nnen f\u00fcr 5,- \u20ac eine Tageskaffeeflat bekommen)<br>Extra: &#8211; Fr\u00fchst\u00fccksservice am Sonntag (nur mit Voranmeldung \u2013 6,- \u20ac)<\/p>\n\n\n\n<p>!ABSOLUTES GRILLVERBOT es gibt den ber\u00fchmten Grill-POLO!<\/p>\n\n\n\n<p>Kein Show &amp; Shine oder Motorteile durch die Gegend werfen, Sackh\u00fcpfen oder sonst was, einfach gem\u00fctliches Beieinander, feiern und fachsimpeln mit Gleichgesinnten. Bilder von den letzten Jahren sprechen f\u00fcr sich. Es steht die Gemeinsamkeit und Kommunikation von Gleichgesinnten Audi 50 \/ Polo 86\/86c und Derby Liebhabern sowie Schraubern im Vordergrund. Beim Lagerfeuer mit Gleichgesinnten Benzingespr\u00e4che f\u00fchren, dabei ein Bierchen oder was Leckeres vom (Polo)Grill&#8230; was will man mehr ? Bei Fragen und Anmeldung wendet euch jederzeit gerne an: unser86ertreffen@gmx.de<\/p>\n\n\n\n<p>NUR 86\/86c und Audi 50 Modelle- &#8211; &#8211; KEINE 6N und neuere&#8230;<\/p>\n\n\n\n<p>Bis denne<\/p>\n\n\n\n<p>Eure 86ziger<\/p>\n\n\n\n<figure class=\"wp-block-image size-large\"><img loading=\"lazy\" decoding=\"async\" width=\"819\" height=\"1024\" src=\"https:\/\/www.g-lader.info\/vwpoloigdeutschlandev\/wp-content\/uploads\/2025\/05\/497898335_18065297387050181_854080038869828429_n-819x1024.jpg\" alt=\"\" class=\"wp-image-2176\" srcset=\"https:\/\/www.g-lader.info\/vwpoloigdeutschlandev\/wp-content\/uploads\/2025\/05\/497898335_18065297387050181_854080038869828429_n-819x1024.jpg 819w, https:\/\/www.g-lader.info\/vwpoloigdeutschlandev\/wp-content\/uploads\/2025\/05\/497898335_18065297387050181_854080038869828429_n-240x300.jpg 240w, https:\/\/www.g-lader.info\/vwpoloigdeutschlandev\/wp-content\/uploads\/2025\/05\/497898335_18065297387050181_854080038869828429_n-768x960.jpg 768w, https:\/\/www.g-lader.info\/vwpoloigdeutschlandev\/wp-content\/uploads\/2025\/05\/497898335_18065297387050181_854080038869828429_n-1229x1536.jpg 1229w, https:\/\/www.g-lader.info\/vwpoloigdeutschlandev\/wp-content\/uploads\/2025\/05\/497898335_18065297387050181_854080038869828429_n.jpg 1440w\" sizes=\"auto, (max-width: 819px) 100vw, 819px\" \/><\/figure>\n","protected":false},"excerpt":{"rendered":"<p>Die 86er laden ein! Am 21. Juni 2025 findet das \u201eNUR Polo 86\/86c BBQ\u201c- Treffen in Kirchboitzen, bei Walsrode statt.<\/p>\n","protected":false},"author":1,"featured_media":2175,"comment_status":"closed","ping_status":"open","sticky":false,"template":"","format":"standard","meta":{"colormag_page_container_layout":"default_layout","colormag_page_sidebar_layout":"default_layout","footnotes":""},"categories":[32],"tags":[],"class_list":["post-2173","post","type-post","status-publish","format-standard","has-post-thumbnail","hentry","category-treffen"],"_links":{"self":[{"href":"https:\/\/www.g-lader.info\/vwpoloigdeutschlandev\/index.php?rest_route=\/wp\/v2\/posts\/2173","targetHints":{"allow":["GET"]}}],"collection":[{"href":"https:\/\/www.g-lader.info\/vwpoloigdeutschlandev\/index.php?rest_route=\/wp\/v2\/posts"}],"about":[{"href":"https:\/\/www.g-lader.info\/vwpoloigdeutschlandev\/index.php?rest_route=\/wp\/v2\/types\/post"}],"author":[{"embeddable":true,"href":"https:\/\/www.g-lader.info\/vwpoloigdeutschlandev\/index.php?rest_route=\/wp\/v2\/users\/1"}],"replies":[{"embeddable":true,"href":"https:\/\/www.g-lader.info\/vwpoloigdeutschlandev\/index.php?rest_route=%2Fwp%2Fv2%2Fcomments&post=2173"}],"version-history":[{"count":1,"href":"https:\/\/www.g-lader.info\/vwpoloigdeutschlandev\/index.php?rest_route=\/wp\/v2\/posts\/2173\/revisions"}],"predecessor-version":[{"id":2177,"href":"https:\/\/www.g-lader.info\/vwpoloigdeutschlandev\/index.php?rest_route=\/wp\/v2\/posts\/2173\/revisions\/2177"}],"wp:featuredmedia":[{"embeddable":true,"href":"https:\/\/www.g-lader.info\/vwpoloigdeutschlandev\/index.php?rest_route=\/wp\/v2\/media\/2175"}],"wp:attachment":[{"href":"https:\/\/www.g-lader.info\/vwpoloigdeutschlandev\/index.php?rest_route=%2Fwp%2Fv2%2Fmedia&parent=2173"}],"wp:term":[{"taxonomy":"category","embeddable":true,"href":"https:\/\/www.g-lader.info\/vwpoloigdeutschlandev\/index.php?rest_route=%2Fwp%2Fv2%2Fcategories&post=2173"},{"taxonomy":"post_tag","embeddable":true,"href":"https:\/\/www.g-lader.info\/vwpoloigdeutschlandev\/index.php?rest_route=%2Fwp%2Fv2%2Ftags&post=2173"}],"curies":[{"name":"wp","href":"https:\/\/api.w.org\/{rel}","templated":true}]}}