{"id":2291,"date":"2025-09-08T09:37:00","date_gmt":"2025-09-08T07:37:00","guid":{"rendered":"https:\/\/www.g-lader.info\/vwpoloigdeutschlandev\/?p=2291"},"modified":"2025-09-10T08:35:00","modified_gmt":"2025-09-10T06:35:00","slug":"polokhana","status":"publish","type":"post","link":"https:\/\/www.g-lader.info\/vwpoloigdeutschlandev\/?p=2291","title":{"rendered":"POLOKHANA!"},"content":{"rendered":"\n<figure class=\"wp-block-embed is-type-video is-provider-youtube wp-block-embed-youtube wp-embed-aspect-16-9 wp-has-aspect-ratio\"><div class=\"wp-block-embed__wrapper\">\n<iframe loading=\"lazy\" title=\"50 Years of an Icon: Polo Project Drift \u2014 The Film\" width=\"800\" height=\"450\" src=\"https:\/\/www.youtube.com\/embed\/X2LEgSHl_N4?feature=oembed\" frameborder=\"0\" allow=\"accelerometer; autoplay; clipboard-write; encrypted-media; gyroscope; picture-in-picture; web-share\" referrerpolicy=\"strict-origin-when-cross-origin\" allowfullscreen><\/iframe>\n<\/div><\/figure>\n\n\n\n<p class=\"has-medium-font-size\">Volkswagen verw\u00f6hnt die Polo-Fans wieder einmal mit G\u00e4nsehaut-Content zur Ank\u00fcndigung des <a href=\"https:\/\/www.vwpoloig.de\/?p=2278\" data-type=\"link\" data-id=\"https:\/\/www.vwpoloig.de\/?p=2278\">ID.POLO<\/a> und zum 50. Geburtstag des Polo. Neben spektakul\u00e4ren Drifts des in Harlekin-Design beklebten Polo WRX und Polo R WRC sieht man auch einen Polo mit Elektroantrieb. Der Polo RX1e soll rund 500 kW mit zwei Motoren und 800 NM auf alle vier R\u00e4der verteilen und besonders f\u00fcr Hillclimb-Rennen ausgerichtet sein. Geil! Klingt zu sch\u00f6n, um wahr zu sein?<\/p>\n\n\n\n<p><\/p>\n\n\n\n<p class=\"has-medium-font-size\">Richtig. Denn an anderer Stelle erf\u00e4hrt man, dass der f\u00fcr die Serienfertigung geplante ID.Polo wieder nur ein FWD (Front Wheel Drive) wird <a href=\"https:\/\/www.adac.de\/rund-ums-fahrzeug\/autokatalog\/marken-modelle\/vw\/vw-id-polo\/\" data-type=\"link\" data-id=\"https:\/\/www.adac.de\/rund-ums-fahrzeug\/autokatalog\/marken-modelle\/vw\/vw-id-polo\/\" target=\"_blank\" rel=\"noreferrer noopener\">(Quelle)<\/a>&#8230; immerhin sei eine &#8222;elektronisch geregelte Vorderachsquersperre denkbar&#8220;&#8230; yeaahh&#8230; die braucht man auch, wenn 226 PS an der Vorderachse eines (gesch\u00e4tzt) 1,7 Tonnen schweren Unget\u00fcms zerren.<br><br>Mit AWD flexen und nur FWD bauen. Ehrlich, Volkswagen? Merkste selber, ne?<\/p>\n","protected":false},"excerpt":{"rendered":"<p>Volkswagen verw\u00f6hnt die Polo-Fans wieder einmal mit spektakul\u00e4rem Content zur Ank\u00fcndigung des ID.POLO<\/p>\n","protected":false},"author":1,"featured_media":2292,"comment_status":"closed","ping_status":"open","sticky":false,"template":"","format":"standard","meta":{"colormag_page_container_layout":"default_layout","colormag_page_sidebar_layout":"default_layout","footnotes":""},"categories":[16],"tags":[],"class_list":["post-2291","post","type-post","status-publish","format-standard","has-post-thumbnail","hentry","category-aktuelles"],"_links":{"self":[{"href":"https:\/\/www.g-lader.info\/vwpoloigdeutschlandev\/index.php?rest_route=\/wp\/v2\/posts\/2291","targetHints":{"allow":["GET"]}}],"collection":[{"href":"https:\/\/www.g-lader.info\/vwpoloigdeutschlandev\/index.php?rest_route=\/wp\/v2\/posts"}],"about":[{"href":"https:\/\/www.g-lader.info\/vwpoloigdeutschlandev\/index.php?rest_route=\/wp\/v2\/types\/post"}],"author":[{"embeddable":true,"href":"https:\/\/www.g-lader.info\/vwpoloigdeutschlandev\/index.php?rest_route=\/wp\/v2\/users\/1"}],"replies":[{"embeddable":true,"href":"https:\/\/www.g-lader.info\/vwpoloigdeutschlandev\/index.php?rest_route=%2Fwp%2Fv2%2Fcomments&post=2291"}],"version-history":[{"count":19,"href":"https:\/\/www.g-lader.info\/vwpoloigdeutschlandev\/index.php?rest_route=\/wp\/v2\/posts\/2291\/revisions"}],"predecessor-version":[{"id":2342,"href":"https:\/\/www.g-lader.info\/vwpoloigdeutschlandev\/index.php?rest_route=\/wp\/v2\/posts\/2291\/revisions\/2342"}],"wp:featuredmedia":[{"embeddable":true,"href":"https:\/\/www.g-lader.info\/vwpoloigdeutschlandev\/index.php?rest_route=\/wp\/v2\/media\/2292"}],"wp:attachment":[{"href":"https:\/\/www.g-lader.info\/vwpoloigdeutschlandev\/index.php?rest_route=%2Fwp%2Fv2%2Fmedia&parent=2291"}],"wp:term":[{"taxonomy":"category","embeddable":true,"href":"https:\/\/www.g-lader.info\/vwpoloigdeutschlandev\/index.php?rest_route=%2Fwp%2Fv2%2Fcategories&post=2291"},{"taxonomy":"post_tag","embeddable":true,"href":"https:\/\/www.g-lader.info\/vwpoloigdeutschlandev\/index.php?rest_route=%2Fwp%2Fv2%2Ftags&post=2291"}],"curies":[{"name":"wp","href":"https:\/\/api.w.org\/{rel}","templated":true}]}}