{"id":2345,"date":"2025-09-09T19:01:00","date_gmt":"2025-09-09T17:01:00","guid":{"rendered":"https:\/\/www.g-lader.info\/vwpoloigdeutschlandev\/?p=2345"},"modified":"2025-11-19T14:02:06","modified_gmt":"2025-11-19T13:02:06","slug":"der-polo-2-gt-g40","status":"publish","type":"post","link":"https:\/\/www.g-lader.info\/vwpoloigdeutschlandev\/?p=2345","title":{"rendered":"Der Polo 2 GT G40"},"content":{"rendered":"\n<p>Die Besonderheiten des Vorfacelift-G40 im Detail erkl\u00e4rt<\/p>\n\n\n\n<figure class=\"wp-block-image size-large\"><img loading=\"lazy\" decoding=\"async\" width=\"1024\" height=\"689\" src=\"https:\/\/www.g-lader.info\/vwpoloigdeutschlandev\/wp-content\/uploads\/2025\/09\/503605265_1272065788065226_5978539616385906289_n-1-1024x689.jpg\" alt=\"\" class=\"wp-image-2360\" srcset=\"https:\/\/www.g-lader.info\/vwpoloigdeutschlandev\/wp-content\/uploads\/2025\/09\/503605265_1272065788065226_5978539616385906289_n-1-1024x689.jpg 1024w, https:\/\/www.g-lader.info\/vwpoloigdeutschlandev\/wp-content\/uploads\/2025\/09\/503605265_1272065788065226_5978539616385906289_n-1-300x202.jpg 300w, https:\/\/www.g-lader.info\/vwpoloigdeutschlandev\/wp-content\/uploads\/2025\/09\/503605265_1272065788065226_5978539616385906289_n-1-768x517.jpg 768w, https:\/\/www.g-lader.info\/vwpoloigdeutschlandev\/wp-content\/uploads\/2025\/09\/503605265_1272065788065226_5978539616385906289_n-1-1536x1034.jpg 1536w, https:\/\/www.g-lader.info\/vwpoloigdeutschlandev\/wp-content\/uploads\/2025\/09\/503605265_1272065788065226_5978539616385906289_n-1.jpg 1572w\" sizes=\"auto, (max-width: 1024px) 100vw, 1024px\" \/><\/figure>\n\n\n\n<p>Bild: (C) Volkswagen AG &#8211; aber das Auto ist von unserem Mitglied Mirko \ud83d\ude42<\/p>\n\n\n\n<p class=\"has-medium-font-size\">Was macht den Vorfacelift-G40 so besonders? Simpel ausgedr\u00fcckt: er ist es einfach, weil er es schon immer war. Und eines war er ganz besonders: selten. Wir erkl\u00e4ren den Mythos hinter dem &#8222;2er G40&#8220;.<\/p>\n\n\n\n<p class=\"has-medium-font-size\"><strong>Die 500er Serie<\/strong><\/p>\n\n\n\n<p class=\"has-medium-font-size\">&#8222;Einer von 500&#8220; ist schnell gesagt oder geschrieben, gerade wenn es um ein Verkaufsinserat geht. Doch was hat es damit auf sich? Wir gehen zur\u00fcck ins Jahr 1985. Im September pr\u00e4sentierte Volkswagen auf der IAA in Frankfurt erstmalig den &#8222;Polo GT G40&#8220;, einen Polo 2 86C mit v\u00f6llig neuem Kompressor-Motor, Kennfeld-Einspritzung und auf Wunsch sogar mit geregeltem Katalysator. 115 PS treffen auf knapp 800 Kilo Leergewicht &#8211; das h\u00e4tte damals beinahe gereicht, den 139 PS starken Golf GTI 16V vom Thron zu sto\u00dfen. Beim Achtventiler-GTI hat es funktioniert.<\/p>\n\n\n\n<p class=\"has-medium-font-size\">Neu war der G-Lader, ein Spiralverdichter und Eigenentwicklung von Volkswagen. Kompressor-typisch mit Direktantrieb von der Kurbelwelle litt der 1,3-Liter-Motor des Polo nicht unter dem in der Zeit typischen &#8222;Turbo-Loch&#8220;. Stattdessen vermittelte das Aggregat reichlich Anschub selbst aus niedrigen Drehzahlen, wie man es sonst nur von Motoren mit weitaus mehr Hubraum kannte. Der Auftritt auf der IAA katapultierte den Polo GT G40 auf Anhieb in den Olymp der &#8222;Hot Hatches&#8220;. Das Interesse der Messebesucher fiel entsprechend aus. Obwohl der avisierte Kaufpreis des hei\u00dfen Polo mit knapp 20.000 D-Mark auf Augenh\u00f6he mit einem halbwegs gut ausgestatteten Passat war, wurde schnell klar: das wird ein Renner! Problematisch war nur, dass im Hintergrund eigentlich noch die Anlaufprobleme der G-Lader-Fertigung gel\u00f6st werden mussten. Und dann war da noch ein anderes Problem: die klassische &#8222;Hochzeit&#8220; &#8211; also der Motoreinbau auf der Produktionsstra\u00dfe im Werk &#8211; war nicht wie sonst \u00fcblich von unten m\u00f6glich. Der neue G-Lader war im Weg! So wurden im Jahr 1986 ein paar Handvoll GT-Karosserien aus der Fertigung ausgesondert und wanderten in die Prototypen-Halle des Wolfsburger Werkes. Hier entstanden fast in Handarbeit einige wenige Vorserienmodelle f\u00fcr die Presse und rund 40 Polo G40 Cup f\u00fcr die Rennserie, die den bislang auf Solex-Doppelvergaser fahrenden Polo Cup abl\u00f6sen sollte. Aber eine gr\u00f6\u00dfere Serienfertigung war nach wie vor schwierig. Es dauerte bis April 1987, bis Volkswagen immerhin 500 Polo GT G40 in den Markt schieben konnte. Da war sie dann endlich geboren, die 500 Serie! Zweifelsfrei zu erkennen an der FIN mit dem Inhalt &#8222;ZHW&#8220; und in der Regel Auslieferung um April 1987. Der Einfachheit halber waren alle Fahrzeuge identisch und an das GT-Modell angelehnt: au\u00dfen schwarz und innen mit GT-Ausstattung, ohne Schiebedach, kein Kat oder andere w\u00e4hlbare Sonderausstattung. Selbst den Au\u00dfenspiegel auf der Beifahrerseite musste man sp\u00e4ter beim H\u00e4ndler nachr\u00fcsten lassen. Bis dahin waren tats\u00e4chlich alle G-Lader mehr oder weniger in Manufaktur gefertigt. Das begrenzte Angebot schlug sich auch auf dem Schwarzmarkt nieder: Kaufoptionen auf den Polo GT G40 wurden teuer gehandelt &#8211; bis zu 24.000 D-Mark wurden bezahlt, um einen der &#8222;500er Serie&#8220; zu bekommen. Aber wer im Jahr 1987 mit so einem unterwegs war, zog die Blicke auf sich.<\/p>\n\n\n\n<p class=\"has-medium-font-size\">Nach den Werksferien im Herbst 1987 war es dann soweit und die Produktion der &#8222;zweiten Serie&#8220; lief an. Diese umfasste zwei Varianten:<\/p>\n\n\n\n<ul class=\"wp-block-list has-medium-font-size\">\n<li class=\"has-medium-font-size\">500 schwarze Fahrzeuge f\u00fcr Frankreich (helles Glencheck-Karomuster)<\/li>\n\n\n\n<li class=\"has-medium-font-size\">1.000 Fahrzeuge f\u00fcr den deutschen Markt in verschiedenen Farben (schwarz, rot, heliosbau, wei\u00df) und mit optionaler Sonderausstattung (dunkles Glencheck-Karomuster)<\/li>\n<\/ul>\n\n\n\n<p class=\"has-medium-font-size\">Zun\u00e4chst wurden die Fahrzeuge f\u00fcr Frankreich produziert, sogar mit fortlaufenden Fahrgestellnummern &#8211; aber wieder alle schwarz. Diese Serie stand jedoch unter keinem guten Stern: bei den \u00fcberarbeiteten G40-Ladern (Umstellung der Generation &#8222;dreiteilig&#8220; auf &#8222;zweiteilig&#8220;) f\u00fchrten Probleme in der Rohmaterialzusammensetzung der Verdr\u00e4nger zu h\u00e4ufigen Totalausf\u00e4llen. Das tat dem Image des noch neuen G-Lader \u00fcberhaupt nicht gut und so wurde in k\u00fcrzester Zeit ein kompletter &#8222;Reparatur-Satz&#8220; angeboten, den die H\u00e4ndler in der Regel kostenlos verbaut haben. Die Polo GT G40 aus Frankreich sind \u00fcblicherweise an dem Fahrgestellnummernkreis und an der hellen Innenausstattung gut zu erkennen.<\/p>\n\n\n\n<p class=\"has-medium-font-size\">Auf dem deutschen Markt wurde der Polo GT G40 endlich bunt. Besonders tornadorot war eine beliebte Farbe, bei der die Kunststoff-Anbauteile einen besonders sch\u00f6nen Kontrast darstellen. Mit heliosblau wurde sogar ein hochwertiger Metallic-Farbton angeboten. Alpinwei\u00df bleib eine selten gew\u00e4hlte Farbe. Wer bei der 500er Serie nicht zum Zuge kam, bestellte nun vermutlich schwarz &#8211; die beliebteste Farbe des GT G40. Endlich waren Sonderausstattung wie Stahlschiebedach, Colorverglasung, Beifahrer-Au\u00dfenspiegel und geregelter Dreiwegekatalysator im Angebot. Bis 1989 wurden somit nur gut 2.000 Polo GT G40 produziert &#8211; dann stand schon der Polo G40 in der Facelift-Variante in den Startl\u00f6chern. Im Folgenden m\u00f6chten wir auf einige Feinheiten und Unterschiede der &#8222;500er Serie&#8220; von 1987 und der &#8222;zweiten Serie&#8220; von 1988\/1989 eingehen:<\/p>\n\n\n\n<figure class=\"wp-block-gallery has-nested-images columns-default is-cropped wp-block-gallery-1 is-layout-flex wp-block-gallery-is-layout-flex\">\n<figure class=\"wp-block-image size-large\"><img loading=\"lazy\" decoding=\"async\" width=\"600\" height=\"400\" data-id=\"2364\" src=\"https:\/\/www.g-lader.info\/vwpoloigdeutschlandev\/wp-content\/uploads\/2025\/09\/ueberblick_vergleich13-1.jpg\" alt=\"\" class=\"wp-image-2364\" srcset=\"https:\/\/www.g-lader.info\/vwpoloigdeutschlandev\/wp-content\/uploads\/2025\/09\/ueberblick_vergleich13-1.jpg 600w, https:\/\/www.g-lader.info\/vwpoloigdeutschlandev\/wp-content\/uploads\/2025\/09\/ueberblick_vergleich13-1-300x200.jpg 300w\" sizes=\"auto, (max-width: 600px) 100vw, 600px\" \/><\/figure>\n\n\n\n<figure class=\"wp-block-image size-large\"><img loading=\"lazy\" decoding=\"async\" width=\"600\" height=\"400\" data-id=\"2363\" src=\"https:\/\/www.g-lader.info\/vwpoloigdeutschlandev\/wp-content\/uploads\/2025\/09\/ueberblick_vergleich10-1.jpg\" alt=\"\" class=\"wp-image-2363\" srcset=\"https:\/\/www.g-lader.info\/vwpoloigdeutschlandev\/wp-content\/uploads\/2025\/09\/ueberblick_vergleich10-1.jpg 600w, https:\/\/www.g-lader.info\/vwpoloigdeutschlandev\/wp-content\/uploads\/2025\/09\/ueberblick_vergleich10-1-300x200.jpg 300w\" sizes=\"auto, (max-width: 600px) 100vw, 600px\" \/><\/figure>\n<\/figure>\n\n\n\n<p class=\"has-medium-font-size\">Die markanten Schriftz\u00fcge waren begehrtes Diebesgut oder wurden zur Tarnung bewusst entfernt. Bis vor einigen Jahren waren alle Embleme als Ersatzteile rar &#8211; die Version f\u00fcr den Kofferraumdeckel taxierte als NOS-Teil bis zu 300 Euro. Eine Nachfertigung von Volkswagen Classic Parts konnte in Kooperation mit der VW Polo IG Deutschland e.V. umgesetzt werden, so dass Ersatzteile heute zu normalen Preisen und neu verf\u00fcgbar sind. Echte Nerds achten aber auf den alten Gie\u00dfstempel und bezahlen auch daf\u00fcr.<\/p>\n\n\n\n<p class=\"has-medium-font-size\">Der rote Zierstreifen am Doppelscheinwerfergrill war nur der ersten Serie vorbehalten. Ab dem Jahr 1988 entfiel dieser aus dem GT-Paket und wurde daher auch nicht mehr beim GT G40 angeboten &#8211; aber gerne nachger\u00fcstet.<\/p>\n\n\n\n<figure class=\"wp-block-gallery has-nested-images columns-default is-cropped wp-block-gallery-2 is-layout-flex wp-block-gallery-is-layout-flex\">\n<figure class=\"wp-block-image size-large\"><img loading=\"lazy\" decoding=\"async\" width=\"600\" height=\"400\" data-id=\"2369\" src=\"https:\/\/www.g-lader.info\/vwpoloigdeutschlandev\/wp-content\/uploads\/2025\/09\/ueberblick_vergleich5-2.jpg\" alt=\"\" class=\"wp-image-2369\" srcset=\"https:\/\/www.g-lader.info\/vwpoloigdeutschlandev\/wp-content\/uploads\/2025\/09\/ueberblick_vergleich5-2.jpg 600w, https:\/\/www.g-lader.info\/vwpoloigdeutschlandev\/wp-content\/uploads\/2025\/09\/ueberblick_vergleich5-2-300x200.jpg 300w\" sizes=\"auto, (max-width: 600px) 100vw, 600px\" \/><\/figure>\n\n\n\n<figure class=\"wp-block-image size-large\"><img loading=\"lazy\" decoding=\"async\" width=\"600\" height=\"400\" data-id=\"2368\" src=\"https:\/\/www.g-lader.info\/vwpoloigdeutschlandev\/wp-content\/uploads\/2025\/09\/ueberblick_vergleich11-2.jpg\" alt=\"\" class=\"wp-image-2368\" srcset=\"https:\/\/www.g-lader.info\/vwpoloigdeutschlandev\/wp-content\/uploads\/2025\/09\/ueberblick_vergleich11-2.jpg 600w, https:\/\/www.g-lader.info\/vwpoloigdeutschlandev\/wp-content\/uploads\/2025\/09\/ueberblick_vergleich11-2-300x200.jpg 300w\" sizes=\"auto, (max-width: 600px) 100vw, 600px\" \/><\/figure>\n<\/figure>\n\n\n\n<p class=\"has-medium-font-size\">Kleiner, aber feiner Unterschied: die erste Serie und zweite Serie hatten unterschiedliche G-Lader verbaut. Im rechten Bild rechts sieht man rechts den &#8222;dreiteiligen R\u00fcssellader&#8220; &#8211; Stand 1986\/1987 und links im Bild den &#8222;zweiteiligen R\u00fcssellader&#8220; &#8211; Stand 1988\/1989. Dadurch, dass nur wenige Einheiten produziert wurden, sind gute Ersatzteile heute rar. \u00dcbrigens: das rivierablau auslackierte VW-Emblem im Ventildeckel hatte nur die 500er Serie.<\/p>\n\n\n\n<figure class=\"wp-block-gallery has-nested-images columns-default is-cropped wp-block-gallery-3 is-layout-flex wp-block-gallery-is-layout-flex\">\n<figure class=\"wp-block-image size-large\"><img loading=\"lazy\" decoding=\"async\" width=\"600\" height=\"400\" data-id=\"2373\" src=\"https:\/\/www.g-lader.info\/vwpoloigdeutschlandev\/wp-content\/uploads\/2025\/09\/ueberblick_vergleich8-2.jpg\" alt=\"\" class=\"wp-image-2373\" srcset=\"https:\/\/www.g-lader.info\/vwpoloigdeutschlandev\/wp-content\/uploads\/2025\/09\/ueberblick_vergleich8-2.jpg 600w, https:\/\/www.g-lader.info\/vwpoloigdeutschlandev\/wp-content\/uploads\/2025\/09\/ueberblick_vergleich8-2-300x200.jpg 300w\" sizes=\"auto, (max-width: 600px) 100vw, 600px\" \/><\/figure>\n\n\n\n<figure class=\"wp-block-image size-large\"><img loading=\"lazy\" decoding=\"async\" width=\"600\" height=\"400\" data-id=\"2372\" src=\"https:\/\/www.g-lader.info\/vwpoloigdeutschlandev\/wp-content\/uploads\/2025\/09\/ueberblick_vergleich9-2.jpg\" alt=\"\" class=\"wp-image-2372\" srcset=\"https:\/\/www.g-lader.info\/vwpoloigdeutschlandev\/wp-content\/uploads\/2025\/09\/ueberblick_vergleich9-2.jpg 600w, https:\/\/www.g-lader.info\/vwpoloigdeutschlandev\/wp-content\/uploads\/2025\/09\/ueberblick_vergleich9-2-300x200.jpg 300w\" sizes=\"auto, (max-width: 600px) 100vw, 600px\" \/><\/figure>\n<\/figure>\n\n\n\n<p class=\"has-medium-font-size\">Linkes Bild: Streifenmuster &#8222;Swing&#8220; (1987) in Sportausf\u00fchrung (hohe Seitenwangen), wie beim Polo GT gleicher Produktionszeit<br>Rechtes Bild: Karomuster &#8222;Glencheck dunkel&#8220; (1988\/1989), wie beim Polo GT gleicher Produktionszeit<br>Die T\u00fcrverkleidungen variieren entsprechend der Innenausstattung.<\/p>\n\n\n\n<figure class=\"wp-block-image size-full\"><img loading=\"lazy\" decoding=\"async\" width=\"600\" height=\"400\" src=\"https:\/\/www.g-lader.info\/vwpoloigdeutschlandev\/wp-content\/uploads\/2025\/09\/ueberblick_vergleich2-1.jpg\" alt=\"\" class=\"wp-image-2374\" srcset=\"https:\/\/www.g-lader.info\/vwpoloigdeutschlandev\/wp-content\/uploads\/2025\/09\/ueberblick_vergleich2-1.jpg 600w, https:\/\/www.g-lader.info\/vwpoloigdeutschlandev\/wp-content\/uploads\/2025\/09\/ueberblick_vergleich2-1-300x200.jpg 300w\" sizes=\"auto, (max-width: 600px) 100vw, 600px\" \/><\/figure>\n\n\n\n<p class=\"has-medium-font-size\">Das typische Leichtmetallrad &#8222;Hockenheim&#8220; in 5,5Jx13&#8243; mit 175-60 R13 teilte sich der G40 mit dem GT-Modell.<\/p>\n\n\n\n<figure class=\"wp-block-image size-full\"><img loading=\"lazy\" decoding=\"async\" width=\"600\" height=\"400\" src=\"https:\/\/www.g-lader.info\/vwpoloigdeutschlandev\/wp-content\/uploads\/2025\/09\/ueberblick_vergleich3-1.jpg\" alt=\"\" class=\"wp-image-2375\" srcset=\"https:\/\/www.g-lader.info\/vwpoloigdeutschlandev\/wp-content\/uploads\/2025\/09\/ueberblick_vergleich3-1.jpg 600w, https:\/\/www.g-lader.info\/vwpoloigdeutschlandev\/wp-content\/uploads\/2025\/09\/ueberblick_vergleich3-1-300x200.jpg 300w\" sizes=\"auto, (max-width: 600px) 100vw, 600px\" \/><\/figure>\n\n\n\n<p class=\"has-medium-font-size\">GT und G40-typisch war auch der schwarze Dachhimmel mit passenden Sonnenblenden.<\/p>\n\n\n\n<p class=\"has-medium-font-size\"><\/p>\n\n\n\n<figure class=\"wp-block-gallery has-nested-images columns-default is-cropped wp-block-gallery-4 is-layout-flex wp-block-gallery-is-layout-flex\">\n<figure class=\"wp-block-image size-large\"><img loading=\"lazy\" decoding=\"async\" width=\"600\" height=\"400\" data-id=\"2380\" src=\"https:\/\/www.g-lader.info\/vwpoloigdeutschlandev\/wp-content\/uploads\/2025\/09\/technischedaten_motor.jpg\" alt=\"\" class=\"wp-image-2380\" srcset=\"https:\/\/www.g-lader.info\/vwpoloigdeutschlandev\/wp-content\/uploads\/2025\/09\/technischedaten_motor.jpg 600w, https:\/\/www.g-lader.info\/vwpoloigdeutschlandev\/wp-content\/uploads\/2025\/09\/technischedaten_motor-300x200.jpg 300w\" sizes=\"auto, (max-width: 600px) 100vw, 600px\" \/><\/figure>\n\n\n\n<figure class=\"wp-block-image size-large\"><img loading=\"lazy\" decoding=\"async\" width=\"600\" height=\"400\" data-id=\"2381\" src=\"https:\/\/www.g-lader.info\/vwpoloigdeutschlandev\/wp-content\/uploads\/2025\/09\/ueberblick_vergleich7-2.jpg\" alt=\"\" class=\"wp-image-2381\" srcset=\"https:\/\/www.g-lader.info\/vwpoloigdeutschlandev\/wp-content\/uploads\/2025\/09\/ueberblick_vergleich7-2.jpg 600w, https:\/\/www.g-lader.info\/vwpoloigdeutschlandev\/wp-content\/uploads\/2025\/09\/ueberblick_vergleich7-2-300x200.jpg 300w\" sizes=\"auto, (max-width: 600px) 100vw, 600px\" \/><\/figure>\n<\/figure>\n\n\n\n<p class=\"has-medium-font-size\">Linkes Bild: nur beim G40 war der Aluminium-K\u00fchler mit einer speziellen Abdeckung aus Kunststoff verkleidet.<br>Rechtes Bild: das Dreispeichen-Lenkrad und die Instrumenteneinfassung mit rotem Zierstreifen kennt man vom GT-Modell. Das Kombinationsinstrument mit besonderem Tacho (Skala bis 240 km\/h) und Drehzahlmesser gab es nur beim G40-Modell.<\/p>\n\n\n\n<figure class=\"wp-block-image size-full\"><img loading=\"lazy\" decoding=\"async\" width=\"600\" height=\"400\" src=\"https:\/\/www.g-lader.info\/vwpoloigdeutschlandev\/wp-content\/uploads\/2025\/09\/ueberblick_vergleich4-1.jpg\" alt=\"\" class=\"wp-image-2377\" srcset=\"https:\/\/www.g-lader.info\/vwpoloigdeutschlandev\/wp-content\/uploads\/2025\/09\/ueberblick_vergleich4-1.jpg 600w, https:\/\/www.g-lader.info\/vwpoloigdeutschlandev\/wp-content\/uploads\/2025\/09\/ueberblick_vergleich4-1-300x200.jpg 300w\" sizes=\"auto, (max-width: 600px) 100vw, 600px\" \/><\/figure>\n\n\n\n<p class=\"has-medium-font-size\">Ausschlie\u00dflich dem G40-Modell vorbehalten war auch das Windabweiser auf dem Scheibenwischerarm (Fahrerseite) &#8211; diesen kannte man bislang nur vom Audi Turbo und Golf GTI.<\/p>\n\n\n\n<figure class=\"wp-block-image size-full\"><img loading=\"lazy\" decoding=\"async\" width=\"600\" height=\"400\" src=\"https:\/\/www.g-lader.info\/vwpoloigdeutschlandev\/wp-content\/uploads\/2025\/09\/ueberblick_vergleich6-1.jpg\" alt=\"\" class=\"wp-image-2378\" srcset=\"https:\/\/www.g-lader.info\/vwpoloigdeutschlandev\/wp-content\/uploads\/2025\/09\/ueberblick_vergleich6-1.jpg 600w, https:\/\/www.g-lader.info\/vwpoloigdeutschlandev\/wp-content\/uploads\/2025\/09\/ueberblick_vergleich6-1-300x200.jpg 300w\" sizes=\"auto, (max-width: 600px) 100vw, 600px\" \/><\/figure>\n\n\n\n<p class=\"has-medium-font-size\">Vor dem Frontabschlussblech mit dem dahinter verbauten, quer liegenden Ladeluftk\u00fchler zierte das G40-Modell ein Spoiler aus Kunststoff mit Lamellen. Speziell diese Spoiler sind als Ersatzteile heute sehr gesucht.<\/p>\n\n\n\n<figure class=\"wp-block-image size-full\"><img loading=\"lazy\" decoding=\"async\" width=\"600\" height=\"400\" src=\"https:\/\/www.g-lader.info\/vwpoloigdeutschlandev\/wp-content\/uploads\/2025\/09\/ueberblick_vergleich12-1.jpg\" alt=\"\" class=\"wp-image-2379\" srcset=\"https:\/\/www.g-lader.info\/vwpoloigdeutschlandev\/wp-content\/uploads\/2025\/09\/ueberblick_vergleich12-1.jpg 600w, https:\/\/www.g-lader.info\/vwpoloigdeutschlandev\/wp-content\/uploads\/2025\/09\/ueberblick_vergleich12-1-300x200.jpg 300w\" sizes=\"auto, (max-width: 600px) 100vw, 600px\" \/><\/figure>\n\n\n\n<p class=\"has-medium-font-size\">Nachtr\u00e4gliche Umbauten auf G40-Motor sind an dieser Stelle schnell entlarvt: nur der G40 hatte eine kleine, halbrunde Aussparung im Heckabschlussblech f\u00fcr den Langzeit-Endschalld\u00e4mpfer von Leistritz. Ab Werk hatte der GT G40 einen Endschalld\u00e4mpfer mit schr\u00e4ger auslaufendem Endrohr als bei der Facelift-Variante, diese &#8222;echten&#8220; Teile z\u00e4hlen heute auch zum &#8222;Goldstaub&#8220;. <\/p>\n\n\n\n<p class=\"has-medium-font-size\"><strong>Kaufberatung<\/strong><\/p>\n\n\n\n<p class=\"has-medium-font-size\">Von der Vorfacelift-Variante des Polo GT G40 sind in Deutschland aktuell knapp 100 Fahrzeuge zugelassen. Die &#8222;Dunkelziffer&#8220; mag h\u00f6her liegen, selten bleibt das Modell in jedem Fall. Der Markt und die Szene sind so kompakt, dass einige Fans einen guten \u00dcberblick \u00fcber die Wege bestimmter Polos haben. Gute Fahrzeuge haben ihren Preis, schlechte Fahrzeuge h\u00e4ufig auch. Ob dieser realisiert wird, darf aber angezweifelt werden. Nicht selten machen ein schlechter Gesamtzustand und Fehlteile eine Wiederherstellung unwirtschaftlich. Ein guter Originalzustand oder eine gute Restauration wirken sich immer positiv auf den Marktpreis aus. &#8222;Getunte&#8220; Fahrzeuge sind tendenziell weniger beliebt. Bei einem guten Fahrzeug ist ein realistischer Kaufpreis inzwischen immer im f\u00fcnfstelligen Bereich.<\/p>\n\n\n\n<p class=\"has-medium-font-size\">Mit Kooperation der VW Polo IG Deutschland e.V. bzw. deren Vorg\u00e4nger IG Typ 86 sind zwei ausf\u00fchrliche Kaufberatungen erschienen, auf die wir hier verweisen m\u00f6chten:<\/p>\n\n\n\n<ul class=\"wp-block-list has-medium-font-size\">\n<li class=\"has-medium-font-size\">Oldtimer Markt 4\/2010<\/li>\n\n\n\n<li class=\"has-medium-font-size\">AUTO ZEITUNG Classic Cars 6\/2021<\/li>\n<\/ul>\n\n\n\n<p class=\"has-medium-font-size\">Was die Indikation von Markpreisen angeht verweisen wir auf aktuelle Listen z.B. von Classic Data. Und hier gilt bei der eigenen Recherche: die Zustandsnote sollte realistisch angesetzt sein! Eine 2+ ist nach unserer Ansicht viel zu schnell vergeben, besonders wenn man dann am Fahrzeug doch noch Rost findet. <\/p>\n\n\n\n<p class=\"has-large-font-size\">Fazit<\/p>\n\n\n\n<p class=\"has-medium-font-size\">Was macht den Vorfacelift-G40 (1987-1989) gegen\u00fcber dem Facelift (1990-1994) so besonders?<\/p>\n\n\n\n<ul class=\"wp-block-list has-medium-font-size\">\n<li class=\"has-medium-font-size\">der Facelift-G40 wirkt &#8222;kultivierter&#8220;, der Vorfacelift dagegen &#8222;pur&#8220;<\/li>\n\n\n\n<li class=\"has-medium-font-size\">die gef\u00fchlte R\u00fcckmeldung vom Fahrwerk ist durch den k\u00fcrzeren Vorderwagen beim Vorfacelift direkter<\/li>\n\n\n\n<li class=\"has-medium-font-size\">die Sicht nach vorne ist im Vorfacelift besser durch die flachere Instrumententafel<\/li>\n\n\n\n<li class=\"has-medium-font-size\">das geringere Leergewicht des Vorfacelifts (Differenz ca. 50 kg)<\/li>\n<\/ul>\n\n\n\n<p class=\"has-medium-font-size\">Was macht die erste Serie (&#8222;500er Serie&#8220;) so besonders?<\/p>\n\n\n\n<ul class=\"wp-block-list has-medium-font-size\">\n<li class=\"has-medium-font-size\">die unverkennbare Optik des &#8222;500ers&#8220; <\/li>\n\n\n\n<li class=\"has-medium-font-size\">das Nichtvorhandensein von Zusatzausstattung<\/li>\n\n\n\n<li class=\"has-medium-font-size\">das bessere Ansprechverhalten des 115 PS starken Motors ohne Katalysator<\/li>\n<\/ul>\n\n\n\n<p class=\"has-medium-font-size\">Wenn Sie sich f\u00fcr einen Polo GT G40 oder Polo G40 interessieren, melden Sie sich gerne \u00fcber die im Impressum gelisteten Kontaktm\u00f6glichkeiten &#8211; wir konnten schon einige Fahrzeuge erfolgreich in gute H\u00e4nde vermitteln.<\/p>\n\n\n\n<p><\/p>\n","protected":false},"excerpt":{"rendered":"<p>Die Besonderheiten des Vorfacelift-G40 im Detail erkl\u00e4rt<\/p>\n","protected":false},"author":1,"featured_media":2349,"comment_status":"closed","ping_status":"open","sticky":false,"template":"","format":"standard","meta":{"colormag_page_container_layout":"default_layout","colormag_page_sidebar_layout":"default_layout","footnotes":""},"categories":[28],"tags":[],"class_list":["post-2345","post","type-post","status-publish","format-standard","has-post-thumbnail","hentry","category-modelle"],"_links":{"self":[{"href":"https:\/\/www.g-lader.info\/vwpoloigdeutschlandev\/index.php?rest_route=\/wp\/v2\/posts\/2345","targetHints":{"allow":["GET"]}}],"collection":[{"href":"https:\/\/www.g-lader.info\/vwpoloigdeutschlandev\/index.php?rest_route=\/wp\/v2\/posts"}],"about":[{"href":"https:\/\/www.g-lader.info\/vwpoloigdeutschlandev\/index.php?rest_route=\/wp\/v2\/types\/post"}],"author":[{"embeddable":true,"href":"https:\/\/www.g-lader.info\/vwpoloigdeutschlandev\/index.php?rest_route=\/wp\/v2\/users\/1"}],"replies":[{"embeddable":true,"href":"https:\/\/www.g-lader.info\/vwpoloigdeutschlandev\/index.php?rest_route=%2Fwp%2Fv2%2Fcomments&post=2345"}],"version-history":[{"count":15,"href":"https:\/\/www.g-lader.info\/vwpoloigdeutschlandev\/index.php?rest_route=\/wp\/v2\/posts\/2345\/revisions"}],"predecessor-version":[{"id":2408,"href":"https:\/\/www.g-lader.info\/vwpoloigdeutschlandev\/index.php?rest_route=\/wp\/v2\/posts\/2345\/revisions\/2408"}],"wp:featuredmedia":[{"embeddable":true,"href":"https:\/\/www.g-lader.info\/vwpoloigdeutschlandev\/index.php?rest_route=\/wp\/v2\/media\/2349"}],"wp:attachment":[{"href":"https:\/\/www.g-lader.info\/vwpoloigdeutschlandev\/index.php?rest_route=%2Fwp%2Fv2%2Fmedia&parent=2345"}],"wp:term":[{"taxonomy":"category","embeddable":true,"href":"https:\/\/www.g-lader.info\/vwpoloigdeutschlandev\/index.php?rest_route=%2Fwp%2Fv2%2Fcategories&post=2345"},{"taxonomy":"post_tag","embeddable":true,"href":"https:\/\/www.g-lader.info\/vwpoloigdeutschlandev\/index.php?rest_route=%2Fwp%2Fv2%2Ftags&post=2345"}],"curies":[{"name":"wp","href":"https:\/\/api.w.org\/{rel}","templated":true}]}}