{"id":2566,"date":"2026-02-11T09:18:46","date_gmt":"2026-02-11T08:18:46","guid":{"rendered":"https:\/\/www.g-lader.info\/vwpoloigdeutschlandev\/?p=2566"},"modified":"2026-03-10T08:06:11","modified_gmt":"2026-03-10T07:06:11","slug":"polo-treffen-am-nuerburgring-revival-12-6-14-6-2026","status":"publish","type":"post","link":"https:\/\/www.g-lader.info\/vwpoloigdeutschlandev\/?p=2566","title":{"rendered":"Polo-Treffen am N\u00fcrburgring Revival 12.6.-14.6.2026"},"content":{"rendered":"\n<p><strong>WE ARE BACK!<\/strong> Das Treffen mit dem Polo-Korso ist wieder da. Nach einer etwas l\u00e4ngeren Corona-Pause haben wir uns entschlossen, noch einmal das traumhafte Eifel-Wetter an der sch\u00f6nsten Rennstrecke der Welt zu genie\u00dfen.<\/p>\n\n\n\n<figure class=\"wp-block-gallery has-nested-images columns-default is-cropped wp-block-gallery-1 is-layout-flex wp-block-gallery-is-layout-flex\">\n<figure class=\"wp-block-image size-large\"><img loading=\"lazy\" decoding=\"async\" width=\"1024\" height=\"683\" data-id=\"2569\" src=\"https:\/\/www.g-lader.info\/vwpoloigdeutschlandev\/wp-content\/uploads\/2026\/02\/514402302_23891298020536276_112316265700585698_n-1024x683.jpg\" alt=\"\" class=\"wp-image-2569\" srcset=\"https:\/\/www.g-lader.info\/vwpoloigdeutschlandev\/wp-content\/uploads\/2026\/02\/514402302_23891298020536276_112316265700585698_n-1024x683.jpg 1024w, https:\/\/www.g-lader.info\/vwpoloigdeutschlandev\/wp-content\/uploads\/2026\/02\/514402302_23891298020536276_112316265700585698_n-300x200.jpg 300w, https:\/\/www.g-lader.info\/vwpoloigdeutschlandev\/wp-content\/uploads\/2026\/02\/514402302_23891298020536276_112316265700585698_n-768x512.jpg 768w, https:\/\/www.g-lader.info\/vwpoloigdeutschlandev\/wp-content\/uploads\/2026\/02\/514402302_23891298020536276_112316265700585698_n.jpg 1200w\" sizes=\"auto, (max-width: 1024px) 100vw, 1024px\" \/><\/figure>\n\n\n\n<figure class=\"wp-block-image size-large\"><img loading=\"lazy\" decoding=\"async\" width=\"1024\" height=\"683\" data-id=\"2568\" src=\"https:\/\/www.g-lader.info\/vwpoloigdeutschlandev\/wp-content\/uploads\/2026\/02\/512791946_23891298450536233_7231991165189018513_n-1-1024x683.jpg\" alt=\"\" class=\"wp-image-2568\" srcset=\"https:\/\/www.g-lader.info\/vwpoloigdeutschlandev\/wp-content\/uploads\/2026\/02\/512791946_23891298450536233_7231991165189018513_n-1-1024x683.jpg 1024w, https:\/\/www.g-lader.info\/vwpoloigdeutschlandev\/wp-content\/uploads\/2026\/02\/512791946_23891298450536233_7231991165189018513_n-1-300x200.jpg 300w, https:\/\/www.g-lader.info\/vwpoloigdeutschlandev\/wp-content\/uploads\/2026\/02\/512791946_23891298450536233_7231991165189018513_n-1-768x512.jpg 768w, https:\/\/www.g-lader.info\/vwpoloigdeutschlandev\/wp-content\/uploads\/2026\/02\/512791946_23891298450536233_7231991165189018513_n-1.jpg 1200w\" sizes=\"auto, (max-width: 1024px) 100vw, 1024px\" \/><\/figure>\n<\/figure>\n\n\n\n<p><\/p>\n\n\n\n<p>Unser Traditionstreffen findet 2026 (wenn wir richtig gerechnet haben) zum 17. Mal statt und da wir ja absolut beratungsresistent sind, \u00e4ndern wir unser altbew\u00e4hrtes Konzept nicht. Deswegen gibt es keine Pokale, Bling-Bling, Burnouts oder sonstigen Zirkus. Stattdessen z\u00e4hlen Benzingespr\u00e4che mit teilweise echten Urgesteinen der Polo-Szene, Polos, die auf eigener Achse gefahren werden und die einzigartige Lagerfeuerromantik in der Gr\u00fcnen H\u00f6lle.<\/p>\n\n\n\n<p>Und so l\u00e4uft es: es ist keine Voranmeldung n\u00f6tig. Wir treffen uns am Wochenende des 12.6.-14.06.2026 auf dem Campingplatz am N\u00fcrburgring unterhalb der M\u00fcllenbachschleife (Grand-Prix-Strecke). Bitte nicht fr\u00fcher anreisen oder wenn, dann nur mit Absprache! Wenn Ihr mit Freunden\/Clubs etc. zusammen stehen wollt, sprecht uns an &#8211; wir regeln das. Wir haben genug Platz.<\/p>\n\n\n\n<p>Anreise und Kosten: Folgt einfach von der Autobahn kommend der Beschilderung &#8222;N\u00fcrburgring&#8220; und anschlie\u00dfend z.B. am Fahrsicherheitszentrum oder am Kreisverkehr dem Campingplatz-Schild nach. Gebt Euch an der Rezeption als Teilnehmer des Polo-Treffens zu erkennen. Infos zum Platz und <a href=\"https:\/\/www.camping-am-nuerburgring.de\/camping\/gebuehren\/\" data-type=\"link\" data-id=\"https:\/\/www.camping-am-nuerburgring.de\/camping\/gebuehren\/\" target=\"_blank\" rel=\"noreferrer noopener nofollow\">Geb\u00fchrenordnung<\/a> k\u00f6nnt Ihr unter&nbsp;<a href=\"https:\/\/l.facebook.com\/l.php?u=http%3A%2F%2Fwww.camping-am-nuerburgring.de%2F%3Ffbclid%3DIwZXh0bgNhZW0CMTAAc3J0YwZhcHBfaWQQMjIyMDM5MTc4ODIwMDg5MgABHqF2WjyHb2dewHjU7DKQdISftBM6mBN64z4O8YNVvAicxBRg53_Pu7_3dw_J_aem__VWqMgtc8rClnYXJvgc5XA&amp;h=AT1aXIEnSCewHi7Vm93KEUbLj0LJP3co3HGidWsi6WLOn3UIgcW1jkV0j8clT83wLrBuypkk8_WdDG2MXC0fZfuTKKm_6Bb9Wnjp0WEwQk61UvR2ugQyDdDRtRHv_48F8-4Fl4YiH9bFp8-C&amp;__tn__=q&amp;c[0]=AT2KqjPUqbTQLD7OOZNEP9hEYvtHWrFtC8RayVUuufHHws2Rx5oomPnZxBejObakeQKD3jQiqO1hLOeRfIXfX083aKUHnpGPpdKjrpJH-UxQ2VTWVuHAQxCHIgVD3kYcbYa8RebZM00WvpQPAnAeyEHiDIKkzbiYueI\" target=\"_blank\" rel=\"noreferrer noopener\">www.camping-am-nuerburgring.de<\/a>&nbsp;einsehen. Derzeit betr\u00e4gt die Camping-Geb\u00fchr pro Tag und pro Person ab 15 Jahren 22,- Euro &#8211; d.h. bei einer Anreise am Freitag und Abreise am Sonntag betr\u00e4gt die Camping-Geb\u00fchr pro Person 66,- Euro &#8211; Angaben ohne Gew\u00e4hr. F\u00fcr Tagesbesucher am Samstag arbeiten wir gemeinsam mit den Inhabern des Campingplatzes an einem Sondertarif. Wir weisen an dieser Stelle darauf hin, dass das Polo-Treffen am N\u00fcrburgring eigentlich kein TAGESTREFFEN sondern ein WOCHENENDTREFFEN ist. Man kann zwar nur an einem Tag kommen (hierf\u00fcr eignet sich nur der Samstag), aber die Atmosph\u00e4re des Treffens ergibt sich nur dann, wenn man auch vor Ort mindestens eine Nacht bleibt. Unser Treffen eignet sich NICHT f\u00fcr Pokalj\u00e4ger (es gibt keine Pokale) oder Leute die Angst haben, dass ihr Polo ein wenig schmutzig wird! Daf\u00fcr ist v\u00f6llig egal, ob Dein Polo serienm\u00e4\u00dfig oder &#8222;aufgemacht&#8220; ist, auch die Generation ist v\u00f6llig unwichtig. Wichtig ist, dass Du Deinen Polo gerne f\u00e4hrst und ein Wochenende mit Leuten verbringen m\u00f6chtest, die genau so denken.<\/p>\n\n\n\n<p>Ausr\u00fcstung und Verpflegung: <mark style=\"background-color:rgba(0, 0, 0, 0);color:#00bc10\" class=\"has-inline-color\"><\/mark>Da wir uns auf einem Campingplatz treffen sind Campingausr\u00fcstung, Verpflegung (Grillfleisch, Getr\u00e4nke&#8230;) und Co. bitte mitzubringen. Ausnahme: Grill, den stellen wir. F\u00fcr den N\u00fcrburgring empfiehlt sich immer, zus\u00e4tzlich wetterfeste und warme Kleidung (warme Jacke) im Gep\u00e4ck zu haben. Es kann nachts in der Eifel sehr frisch werden! Vor Ort gibt es selbstverst\u00e4ndlich eine vern\u00fcnftige Sanit\u00e4ranlage mit Duschen (in Camping-Geb\u00fchr enthalten), Waschm\u00f6glichkeiten und Toiletten (Toilettenpapier bitte mitbringen). Die Verpflegung und alles, was fehlt und vergessen wurde kann im nahe gelegenen Adenau geholt werden, dort gibt es div. Superm\u00e4rkte und einen Getr\u00e4nkemarkt. Ein gro\u00dfer Schwenkgrill wird von uns gestellt und kann (soll!) von allen Teilnehmern als Treffenmittelpunkt genutzt werden. Ihr braucht also keinen Grill einpacken!<\/p>\n\n\n\n<p>Checkliste, was Ihr einpacken solltet:<\/p>\n\n\n\n<ul class=\"wp-block-list\">\n<li class=\"has-small-font-size\">Zelt, Iso-Matte oder Luftmatratze, Schlafsack (warm genug?)<\/li>\n\n\n\n<li class=\"has-small-font-size\">wetterfeste Kleidung, ggf. wasserdichte + feste Schuhe<\/li>\n\n\n\n<li class=\"has-small-font-size\">Klappstuhl, Teller, Besteck, Tasse\/Trinkbecher, Taschenlampe, K\u00fchlbox<\/li>\n\n\n\n<li class=\"has-small-font-size\">Anti-Brumm oder vergleichbares Insekten-Repellent, Toilettenpapier<\/li>\n\n\n\n<li class=\"has-small-font-size\">Handyladekabel bzw. Powerbank<\/li>\n<\/ul>\n\n\n\n<p>Fr\u00fchst\u00fcck: auf dem Campingplatz gibt es jeden Morgen Br\u00f6tchen, die man am Abend zuvor an der Rezeption oder im Shop vorbestellt.<\/p>\n\n\n\n<p>Strom: 230V ist verf\u00fcgbar (kostenpflichtig, es gelten die Tarife des Campingplatzes). Ein Campingstromadapter kann vor Ort (kostenpflichtig) ausgeliehen werden oder man bringt den mit (Amazon Stichwort: Campingstromadapter, CEE-Adapter). Wir stellen aber auch am Lagerfeuer-Pavillon freie Steckdosen zum Laden von Handys zur Verf\u00fcgung. Falls Ihr Strom am eigenen Zelt haben wollt, denkt an ausreichend Material zur wetterfesten Unterverteilung (Kabeltrommel oder Verl\u00e4ngerungskabel).<\/p>\n\n\n\n<p>Bodenbeschaffenheit: ein StVZO-konformes Fahrzeug wird keine Probleme bei der Befahrung des Platzes haben. Es ist bei der Zuwegung (Schotterweg) mit Bodenwellen, Schlagl\u00f6chern und manchmal auch mit Aussp\u00fclungen des Weges zu rechnen, entsprechend langsam und vorsichtig muss gefahren werden. Aber nochmal: mit einem normal tiefergelegten Fahrzeug ist es kein Problem. Ein Fahrzeug mit nur ein oder zwei Zentimeter Bodenfreiheit etc. lasst Ihr besser Zuhause. Der Zeltplatz selber besteht aus gem\u00e4hter Wiese, die Autos stehen direkt bei den Zelten. Der Boden ist recht hart, robuste Zeltheringe (Tipp: einfach gro\u00dfe Zimmermannsn\u00e4gel im Baumarkt kaufen) und ein Hammer sollten eingepackt werden. Am Ring ist auch immer mit sich schnell \u00e4nderndem Wetter zu rechnen; Pavillons sollten halbwegs robust sein und abgespannt werden. Verlasst Euch nicht nur auf die &#8222;Beilage&#8220; bei neuen Zelten oder Pavillons, sondern sorgt lieber selber mit Heringen (N\u00e4geln, s.o.) und Abspannschnur (W\u00e4scheleine) vor. Wir sprechen aus Erfahrung!<\/p>\n\n\n\n<p>Gemeinsame Ausfahrt: der ber\u00fchmte Polo-Korso ist f\u00fcr Samstag gegen Mittag \/ fr\u00fchen Nachmittag geplant, die Teilnahme ist selbstverst\u00e4ndlich freiwillig. Vor dem Korso f\u00fchren wir ein Fahrerbriefing durch. (Sp\u00e4testens) mit Einbruch der Dunkelheit kreist traditionell am gro\u00dfen Lagerfeuer die ein oder andere gr\u00fcne Flasche Heydt Green Power und diese &#8222;Runden&#8220; kosten auch nichts, au\u00dfer vielleicht ein paar Gehirnzellen.<\/p>\n\n\n\n<p>Give-Aways: mal gucken. Sprecht bitte die Orga an, es gibt einen Treffenaufkleber und je nach Verf\u00fcgbarkeit ein paar Polo-Fanartikel.<\/p>\n\n\n\n<p>Musikauswahl: niveauflexibel.<\/p>\n\n\n\n<p>N\u00fcrburgring: der N\u00fcrburgring bietet zahlreiche interessante und sehenswerte Attraktionen. Am Wochenende unseres Treffens findet die <a href=\"https:\/\/nuerburgringclassic.de\/\" data-type=\"link\" data-id=\"https:\/\/nuerburgringclassic.de\/\" target=\"_blank\" rel=\"noreferrer noopener nofollow\">ADAC N\u00fcrburgring Classic<\/a> statt. Nach aktueller Planung besteht am Sonntag die M\u00f6glichkeit f\u00fcr <a href=\"https:\/\/nuerburgring.de\/open-hours#event-inline-12\" data-type=\"link\" data-id=\"https:\/\/nuerburgring.de\/open-hours#event-inline-12\" target=\"_blank\" rel=\"noreferrer noopener nofollow\">Touristenfahrten<\/a> auf der Nordschleife. Bei Interesse informiert Euch noch einmal vor der Veranstaltung auf <a href=\"https:\/\/nuerburgring.de\/\" data-type=\"link\" data-id=\"https:\/\/nuerburgring.de\/\" target=\"_blank\" rel=\"noreferrer noopener nofollow\">www.nuerburgring.de<\/a> <\/p>\n\n\n\n<p>Das Polo-Treffen am N\u00fcrburgring wird von der VW Polo IG Deutschland e.V. (vormals IG Typ 86) ausgerichtet und durch den Vorstand\/Mitglieder organisiert. Wer Kontakt zur VW Polo IG aufnehmen m\u00f6chte, hat an diesem Wochenende eine ideale Gelegenheit dazu.<br><br>Es gelten ausnahmslos die Bedingungen und Preise des Campingplatzes am N\u00fcrburgring. Wir -die Organisatoren- veranstalten das Treffen auf Selbstkostenbasis und verdienen da nichts dran. Vor Ort steht ein Sparschwein f\u00fcr freiwillige Beitr\u00e4ge.<\/p>\n\n\n\n<p>gez. Basti \/ Orga<\/p>\n\n\n\n<figure class=\"wp-block-embed is-type-video is-provider-youtube wp-block-embed-youtube wp-embed-aspect-16-9 wp-has-aspect-ratio\"><div class=\"wp-block-embed__wrapper\">\n<iframe loading=\"lazy\" title=\"Korsofahrt beim 13. VW Polo-Treffen am N\u00fcrburgring 2016 (www.polofans.de) #vwpoloig #ptan\" width=\"800\" height=\"450\" src=\"https:\/\/www.youtube.com\/embed\/HGVwcpewPqM?feature=oembed\" frameborder=\"0\" allow=\"accelerometer; autoplay; clipboard-write; encrypted-media; gyroscope; picture-in-picture; web-share\" referrerpolicy=\"strict-origin-when-cross-origin\" allowfullscreen><\/iframe>\n<\/div><\/figure>\n\n\n\n<p>Link zur <a href=\"https:\/\/www.facebook.com\/events\/26262660543351106\/\" target=\"_blank\" rel=\"noreferrer noopener nofollow\">Veranstaltung bei Facebook<\/a><\/p>\n\n\n\n<p>Anschrift f\u00fcr das Navigationssystem:<br><strong>Camping am N\u00fcrburgring GmbH<\/strong><br>Kreisstra\u00dfe 72<br>53520 M\u00fcllenbach<\/p>\n\n\n\n<p><\/p>\n","protected":false},"excerpt":{"rendered":"<p>WE ARE BACK! Das Treffen mit dem Polo-Korso ist wieder da.<\/p>\n","protected":false},"author":1,"featured_media":2572,"comment_status":"closed","ping_status":"open","sticky":false,"template":"","format":"standard","meta":{"colormag_page_container_layout":"default_layout","colormag_page_sidebar_layout":"default_layout","footnotes":""},"categories":[16,32],"tags":[164,162,163],"class_list":["post-2566","post","type-post","status-publish","format-standard","has-post-thumbnail","hentry","category-aktuelles","category-treffen","tag-polo-meeting","tag-polo-treffen","tag-polotreffen"],"_links":{"self":[{"href":"https:\/\/www.g-lader.info\/vwpoloigdeutschlandev\/index.php?rest_route=\/wp\/v2\/posts\/2566","targetHints":{"allow":["GET"]}}],"collection":[{"href":"https:\/\/www.g-lader.info\/vwpoloigdeutschlandev\/index.php?rest_route=\/wp\/v2\/posts"}],"about":[{"href":"https:\/\/www.g-lader.info\/vwpoloigdeutschlandev\/index.php?rest_route=\/wp\/v2\/types\/post"}],"author":[{"embeddable":true,"href":"https:\/\/www.g-lader.info\/vwpoloigdeutschlandev\/index.php?rest_route=\/wp\/v2\/users\/1"}],"replies":[{"embeddable":true,"href":"https:\/\/www.g-lader.info\/vwpoloigdeutschlandev\/index.php?rest_route=%2Fwp%2Fv2%2Fcomments&post=2566"}],"version-history":[{"count":10,"href":"https:\/\/www.g-lader.info\/vwpoloigdeutschlandev\/index.php?rest_route=\/wp\/v2\/posts\/2566\/revisions"}],"predecessor-version":[{"id":2589,"href":"https:\/\/www.g-lader.info\/vwpoloigdeutschlandev\/index.php?rest_route=\/wp\/v2\/posts\/2566\/revisions\/2589"}],"wp:featuredmedia":[{"embeddable":true,"href":"https:\/\/www.g-lader.info\/vwpoloigdeutschlandev\/index.php?rest_route=\/wp\/v2\/media\/2572"}],"wp:attachment":[{"href":"https:\/\/www.g-lader.info\/vwpoloigdeutschlandev\/index.php?rest_route=%2Fwp%2Fv2%2Fmedia&parent=2566"}],"wp:term":[{"taxonomy":"category","embeddable":true,"href":"https:\/\/www.g-lader.info\/vwpoloigdeutschlandev\/index.php?rest_route=%2Fwp%2Fv2%2Fcategories&post=2566"},{"taxonomy":"post_tag","embeddable":true,"href":"https:\/\/www.g-lader.info\/vwpoloigdeutschlandev\/index.php?rest_route=%2Fwp%2Fv2%2Ftags&post=2566"}],"curies":[{"name":"wp","href":"https:\/\/api.w.org\/{rel}","templated":true}]}}