{"id":2607,"date":"2026-04-13T22:25:00","date_gmt":"2026-04-13T20:25:00","guid":{"rendered":"https:\/\/www.g-lader.info\/vwpoloigdeutschlandev\/?p=2607"},"modified":"2026-04-15T09:53:14","modified_gmt":"2026-04-15T07:53:14","slug":"retro-classics-essen-2026","status":"publish","type":"post","link":"https:\/\/www.g-lader.info\/vwpoloigdeutschlandev\/?p=2607","title":{"rendered":"RETRO CLASSICS ESSEN 2026"},"content":{"rendered":"\n<p>Die Techno Classica verl\u00e4sst die Messe Essen und an gleicher Stelle tritt die RETRO CLASSICS ESSEN als Nachfolger auf. Die VW Polo IG Deutschland e.V. hat auf rund 140 m\u00b2 Fl\u00e4che gezeigt, wie sch\u00f6n der Polo bzw. Derby ohne Dach sein kann.<\/p>\n\n\n\n<p class=\"has-medium-font-size\">Derby Cabrio von Dietrich<\/p>\n\n\n\n<figure class=\"wp-block-image size-large\"><img loading=\"lazy\" decoding=\"async\" width=\"1024\" height=\"536\" src=\"https:\/\/www.g-lader.info\/vwpoloigdeutschlandev\/wp-content\/uploads\/2026\/04\/661343046_18097893605050181_115124003833421357_n-1024x536.jpg\" alt=\"\" class=\"wp-image-2608\" srcset=\"https:\/\/www.g-lader.info\/vwpoloigdeutschlandev\/wp-content\/uploads\/2026\/04\/661343046_18097893605050181_115124003833421357_n-1024x536.jpg 1024w, https:\/\/www.g-lader.info\/vwpoloigdeutschlandev\/wp-content\/uploads\/2026\/04\/661343046_18097893605050181_115124003833421357_n-300x157.jpg 300w, https:\/\/www.g-lader.info\/vwpoloigdeutschlandev\/wp-content\/uploads\/2026\/04\/661343046_18097893605050181_115124003833421357_n-768x402.jpg 768w, https:\/\/www.g-lader.info\/vwpoloigdeutschlandev\/wp-content\/uploads\/2026\/04\/661343046_18097893605050181_115124003833421357_n-390x205.jpg 390w, https:\/\/www.g-lader.info\/vwpoloigdeutschlandev\/wp-content\/uploads\/2026\/04\/661343046_18097893605050181_115124003833421357_n.jpg 1055w\" sizes=\"auto, (max-width: 1024px) 100vw, 1024px\" \/><\/figure>\n\n\n\n<p>Der Derby von unserem Mitglied Harry ist aus der zweiten Generation und Baujahr 1982. Der Umbau des damals sehr bekannten Tuners Dietrich l\u00e4sst sich nicht genau zeitlich festlegen, wird aber in die fr\u00fchen neunziger Jahre fallen. Als Harry das bereits umgebaute Cabrio zu sich genommen hat stand schnell fest, dass ein umfassender Neuaufbau erforderlich wurde. Dieser erfolgte im Winter 2005\/2006 und umfasste zus\u00e4tzlich den Umbau auf die Facelift-Front, den Einbau von Audi-T\u00fcrgriffen, glatt lackierten Sto\u00dff\u00e4ngern und die Armaturentafel des Facelift-Modells. F\u00fcr den Fahrbahnkontakt wurden ATS Classic in 7.13 ET 20 und 8&#215;13 ET 1 mit ausgedrehtem und in Fahrzeugfarbe lackiertem Stern gew\u00e4hlt.<\/p>\n\n\n\n<p class=\"has-medium-font-size\">Polo Treser Cabrio<\/p>\n\n\n\n<figure class=\"wp-block-image size-full\"><img loading=\"lazy\" decoding=\"async\" width=\"843\" height=\"444\" src=\"https:\/\/www.g-lader.info\/vwpoloigdeutschlandev\/wp-content\/uploads\/2026\/04\/661583321_18097893602050181_5130360800757500526_n.jpg\" alt=\"\" class=\"wp-image-2609\" srcset=\"https:\/\/www.g-lader.info\/vwpoloigdeutschlandev\/wp-content\/uploads\/2026\/04\/661583321_18097893602050181_5130360800757500526_n.jpg 843w, https:\/\/www.g-lader.info\/vwpoloigdeutschlandev\/wp-content\/uploads\/2026\/04\/661583321_18097893602050181_5130360800757500526_n-300x158.jpg 300w, https:\/\/www.g-lader.info\/vwpoloigdeutschlandev\/wp-content\/uploads\/2026\/04\/661583321_18097893602050181_5130360800757500526_n-768x404.jpg 768w, https:\/\/www.g-lader.info\/vwpoloigdeutschlandev\/wp-content\/uploads\/2026\/04\/661583321_18097893602050181_5130360800757500526_n-390x205.jpg 390w\" sizes=\"auto, (max-width: 843px) 100vw, 843px\" \/><\/figure>\n\n\n\n<p>Das Treser Cabrio von unserem Mitglied Falko ist eines von nur rd. 290 St\u00fcck, die aus der Schmiede von Walter Treser stammen. Das variable Verdeck-Konzept l\u00e4sst den Polo in Sekunden vom Hardtop zum Targa und in weiteren Sekundenbruchteilen auch zum Vollcabriolet werden. Viele Fahrzeuge wurden bereits als Neufahrzeuge umgebaut &#8211; so kamen zu den rd. 24.000 DM f\u00fcr ein gut ausgestatteten Polo GT noch weitere rd. 18.000 DM f\u00fcr den Treser-Umbau hinzu. Zu den Besonderheiten von Falkos Treser Cabrio z\u00e4hlt die unglaublich geringe Laufleistung sowie die Tatsache, dass vermutlich nur dieses eine Fahrzeug von Walter Treser auf der Heckklappe signiert wurde. <\/p>\n\n\n\n<p class=\"has-medium-font-size\">Polo I L<\/p>\n\n\n\n<figure class=\"wp-block-image size-large\"><img loading=\"lazy\" decoding=\"async\" width=\"1024\" height=\"768\" src=\"https:\/\/www.g-lader.info\/vwpoloigdeutschlandev\/wp-content\/uploads\/2026\/04\/668552632_1542793297849681_2093945497260715643_n-1024x768.jpg\" alt=\"\" class=\"wp-image-2610\" srcset=\"https:\/\/www.g-lader.info\/vwpoloigdeutschlandev\/wp-content\/uploads\/2026\/04\/668552632_1542793297849681_2093945497260715643_n-1024x768.jpg 1024w, https:\/\/www.g-lader.info\/vwpoloigdeutschlandev\/wp-content\/uploads\/2026\/04\/668552632_1542793297849681_2093945497260715643_n-300x225.jpg 300w, https:\/\/www.g-lader.info\/vwpoloigdeutschlandev\/wp-content\/uploads\/2026\/04\/668552632_1542793297849681_2093945497260715643_n-768x576.jpg 768w, https:\/\/www.g-lader.info\/vwpoloigdeutschlandev\/wp-content\/uploads\/2026\/04\/668552632_1542793297849681_2093945497260715643_n-1536x1152.jpg 1536w, https:\/\/www.g-lader.info\/vwpoloigdeutschlandev\/wp-content\/uploads\/2026\/04\/668552632_1542793297849681_2093945497260715643_n.jpg 1600w\" sizes=\"auto, (max-width: 1024px) 100vw, 1024px\" \/><\/figure>\n\n\n\n<p>Da die Standgestaltung aufgrund&#8230; sagen wir mal &#8222;spontan-dynamischer&#8220; Fl\u00e4chenzuweisung durch den Messeveranstalter noch wenige Tage vor Messebeginn \u00fcberplant werden musste, konnten wir nicht so kurzfristig ein weiteres Polo\/Derby Cabrio organisieren. So durfte ein Gastfahrzeug ohne Dach auf den Stand, welches dann aber wieder einen Polo im Gep\u00e4ck hatte: das Golf I Cabrio mit Polo I L von unserem Mitglied Sebastian lockte unerwartet viele Interessierte an, denen diese Art des Fahrzeugtransportes offensichtlich gefallen hat. <\/p>\n\n\n\n<figure class=\"wp-block-gallery has-nested-images columns-default is-cropped wp-block-gallery-1 is-layout-flex wp-block-gallery-is-layout-flex\">\n<figure class=\"wp-block-image size-large\"><img loading=\"lazy\" decoding=\"async\" width=\"1024\" height=\"536\" data-id=\"2613\" src=\"https:\/\/www.g-lader.info\/vwpoloigdeutschlandev\/wp-content\/uploads\/2026\/04\/669583320_18097893575050181_4995364130861612360_n-1024x536.jpg\" alt=\"\" class=\"wp-image-2613\" srcset=\"https:\/\/www.g-lader.info\/vwpoloigdeutschlandev\/wp-content\/uploads\/2026\/04\/669583320_18097893575050181_4995364130861612360_n-1024x536.jpg 1024w, https:\/\/www.g-lader.info\/vwpoloigdeutschlandev\/wp-content\/uploads\/2026\/04\/669583320_18097893575050181_4995364130861612360_n-300x157.jpg 300w, https:\/\/www.g-lader.info\/vwpoloigdeutschlandev\/wp-content\/uploads\/2026\/04\/669583320_18097893575050181_4995364130861612360_n-768x402.jpg 768w, https:\/\/www.g-lader.info\/vwpoloigdeutschlandev\/wp-content\/uploads\/2026\/04\/669583320_18097893575050181_4995364130861612360_n-390x205.jpg 390w, https:\/\/www.g-lader.info\/vwpoloigdeutschlandev\/wp-content\/uploads\/2026\/04\/669583320_18097893575050181_4995364130861612360_n.jpg 1055w\" sizes=\"auto, (max-width: 1024px) 100vw, 1024px\" \/><\/figure>\n\n\n\n<figure class=\"wp-block-image size-large\"><img loading=\"lazy\" decoding=\"async\" width=\"843\" height=\"444\" data-id=\"2611\" src=\"https:\/\/www.g-lader.info\/vwpoloigdeutschlandev\/wp-content\/uploads\/2026\/04\/662275323_18097893560050181_2719783113461427655_n.jpg\" alt=\"\" class=\"wp-image-2611\" srcset=\"https:\/\/www.g-lader.info\/vwpoloigdeutschlandev\/wp-content\/uploads\/2026\/04\/662275323_18097893560050181_2719783113461427655_n.jpg 843w, https:\/\/www.g-lader.info\/vwpoloigdeutschlandev\/wp-content\/uploads\/2026\/04\/662275323_18097893560050181_2719783113461427655_n-300x158.jpg 300w, https:\/\/www.g-lader.info\/vwpoloigdeutschlandev\/wp-content\/uploads\/2026\/04\/662275323_18097893560050181_2719783113461427655_n-768x404.jpg 768w, https:\/\/www.g-lader.info\/vwpoloigdeutschlandev\/wp-content\/uploads\/2026\/04\/662275323_18097893560050181_2719783113461427655_n-390x205.jpg 390w\" sizes=\"auto, (max-width: 843px) 100vw, 843px\" \/><\/figure>\n\n\n\n<figure class=\"wp-block-image size-large\"><img loading=\"lazy\" decoding=\"async\" width=\"1024\" height=\"768\" data-id=\"2614\" src=\"https:\/\/www.g-lader.info\/vwpoloigdeutschlandev\/wp-content\/uploads\/2026\/04\/668560297_1542793007849710_839501345122053265_n-1024x768.jpg\" alt=\"\" class=\"wp-image-2614\" srcset=\"https:\/\/www.g-lader.info\/vwpoloigdeutschlandev\/wp-content\/uploads\/2026\/04\/668560297_1542793007849710_839501345122053265_n-1024x768.jpg 1024w, https:\/\/www.g-lader.info\/vwpoloigdeutschlandev\/wp-content\/uploads\/2026\/04\/668560297_1542793007849710_839501345122053265_n-300x225.jpg 300w, https:\/\/www.g-lader.info\/vwpoloigdeutschlandev\/wp-content\/uploads\/2026\/04\/668560297_1542793007849710_839501345122053265_n-768x576.jpg 768w, https:\/\/www.g-lader.info\/vwpoloigdeutschlandev\/wp-content\/uploads\/2026\/04\/668560297_1542793007849710_839501345122053265_n-1536x1152.jpg 1536w, https:\/\/www.g-lader.info\/vwpoloigdeutschlandev\/wp-content\/uploads\/2026\/04\/668560297_1542793007849710_839501345122053265_n.jpg 1600w\" sizes=\"auto, (max-width: 1024px) 100vw, 1024px\" \/><\/figure>\n\n\n\n<figure class=\"wp-block-image size-large\"><img loading=\"lazy\" decoding=\"async\" width=\"1024\" height=\"472\" data-id=\"2612\" src=\"https:\/\/www.g-lader.info\/vwpoloigdeutschlandev\/wp-content\/uploads\/2026\/04\/668932007_1542787951183549_7900138480163605019_n-1024x472.jpg\" alt=\"\" class=\"wp-image-2612\" srcset=\"https:\/\/www.g-lader.info\/vwpoloigdeutschlandev\/wp-content\/uploads\/2026\/04\/668932007_1542787951183549_7900138480163605019_n-1024x472.jpg 1024w, https:\/\/www.g-lader.info\/vwpoloigdeutschlandev\/wp-content\/uploads\/2026\/04\/668932007_1542787951183549_7900138480163605019_n-300x138.jpg 300w, https:\/\/www.g-lader.info\/vwpoloigdeutschlandev\/wp-content\/uploads\/2026\/04\/668932007_1542787951183549_7900138480163605019_n-768x354.jpg 768w, https:\/\/www.g-lader.info\/vwpoloigdeutschlandev\/wp-content\/uploads\/2026\/04\/668932007_1542787951183549_7900138480163605019_n-1536x709.jpg 1536w, https:\/\/www.g-lader.info\/vwpoloigdeutschlandev\/wp-content\/uploads\/2026\/04\/668932007_1542787951183549_7900138480163605019_n.jpg 2016w\" sizes=\"auto, (max-width: 1024px) 100vw, 1024px\" \/><\/figure>\n<\/figure>\n\n\n\n<p>Von Mittwoch, 8.4.2026 bis 12.04.2026 dauerte die RETRO CLASSICS ESSEN und blieb gef\u00fchlt und in Zahlen weit hinter der Techno Classica zur\u00fcck. Diese findet nun vom 24.09.2026 bis zum27.09.2026 in der Messe Dortmund statt unter dem Namen &#8222;Techno Classica Salon&#8220;. <\/p>\n","protected":false},"excerpt":{"rendered":"<p>Die Techno Classica verl\u00e4sst die Messe Essen und an gleicher Stelle tritt die RETRO CLASSICS ESSEN als Nachfolger auf. Die VW Polo IG Deutschland e.V. pr\u00e4sentiere Polo\/Derby Cabrios.<\/p>\n","protected":false},"author":1,"featured_media":2615,"comment_status":"closed","ping_status":"open","sticky":false,"template":"","format":"standard","meta":{"colormag_page_container_layout":"default_layout","colormag_page_sidebar_layout":"default_layout","footnotes":""},"categories":[16,32],"tags":[],"class_list":["post-2607","post","type-post","status-publish","format-standard","has-post-thumbnail","hentry","category-aktuelles","category-treffen"],"_links":{"self":[{"href":"https:\/\/www.g-lader.info\/vwpoloigdeutschlandev\/index.php?rest_route=\/wp\/v2\/posts\/2607","targetHints":{"allow":["GET"]}}],"collection":[{"href":"https:\/\/www.g-lader.info\/vwpoloigdeutschlandev\/index.php?rest_route=\/wp\/v2\/posts"}],"about":[{"href":"https:\/\/www.g-lader.info\/vwpoloigdeutschlandev\/index.php?rest_route=\/wp\/v2\/types\/post"}],"author":[{"embeddable":true,"href":"https:\/\/www.g-lader.info\/vwpoloigdeutschlandev\/index.php?rest_route=\/wp\/v2\/users\/1"}],"replies":[{"embeddable":true,"href":"https:\/\/www.g-lader.info\/vwpoloigdeutschlandev\/index.php?rest_route=%2Fwp%2Fv2%2Fcomments&post=2607"}],"version-history":[{"count":7,"href":"https:\/\/www.g-lader.info\/vwpoloigdeutschlandev\/index.php?rest_route=\/wp\/v2\/posts\/2607\/revisions"}],"predecessor-version":[{"id":2623,"href":"https:\/\/www.g-lader.info\/vwpoloigdeutschlandev\/index.php?rest_route=\/wp\/v2\/posts\/2607\/revisions\/2623"}],"wp:featuredmedia":[{"embeddable":true,"href":"https:\/\/www.g-lader.info\/vwpoloigdeutschlandev\/index.php?rest_route=\/wp\/v2\/media\/2615"}],"wp:attachment":[{"href":"https:\/\/www.g-lader.info\/vwpoloigdeutschlandev\/index.php?rest_route=%2Fwp%2Fv2%2Fmedia&parent=2607"}],"wp:term":[{"taxonomy":"category","embeddable":true,"href":"https:\/\/www.g-lader.info\/vwpoloigdeutschlandev\/index.php?rest_route=%2Fwp%2Fv2%2Fcategories&post=2607"},{"taxonomy":"post_tag","embeddable":true,"href":"https:\/\/www.g-lader.info\/vwpoloigdeutschlandev\/index.php?rest_route=%2Fwp%2Fv2%2Ftags&post=2607"}],"curies":[{"name":"wp","href":"https:\/\/api.w.org\/{rel}","templated":true}]}}