{"id":503,"date":"2015-07-07T08:49:00","date_gmt":"2015-07-07T06:49:00","guid":{"rendered":"http:\/\/www.g-lader.info\/vwpoloigdeutschlandev\/?p=503"},"modified":"2021-05-07T10:31:14","modified_gmt":"2021-05-07T08:31:14","slug":"40-jahre-polo-die-sonderausstellung-im-automuseum-volkswagen","status":"publish","type":"post","link":"https:\/\/www.g-lader.info\/vwpoloigdeutschlandev\/?p=503","title":{"rendered":"&#8222;40 Jahre Polo&#8220; &#8211; Die Sonderausstellung im AutoMuseum Volkswagen"},"content":{"rendered":"\n<p>&#8222;Au\u00dfen klein. Innen gro\u00df&#8220;. Mit diesem Slogan warb Volkswagen 1975 f\u00fcr sein damals neuestes Produkt in der Modellpalette, den Polo. Der l\u00e4ngst zum Bestseller gewordene kleine Bruder des Golf begeht in diesem Jahr sein 40. Jubil\u00e4um. Das AutoMuseum Volkswagen feiert mit und widmet &#8222;dem Kleinen&#8220; eine gro\u00dfe Sonderschau, in der neben Serienmodellen einmalige und rare Varianten sowie Prototypen, aber auch die sportlichen Ableger besonders der ersten und zweiten Generation gezeigt werden. Das Spektrum der Exponate reicht bis zum erfolgreichen WRC-Fahrzeug heutiger Tage.<\/p>\n\n\n\n<p>Die Sonderausstellung l\u00e4uft vom 23. Juli bis zum 4. Oktober 2015 und zeigt insgesamt \u00fcber 20 verschiedene Polo und Derby mit Schwerpunkt auf den Typen 86 und 86C. Darunter sind auch einige besondere Modelle, die noch nie oder schon lange nicht mehr \u00f6ffentlich ausgestellt waren. Der Besuch lohnt sich f\u00fcr Polo-Fans also auf jeden Fall. Die VW Polo IG Deutschland e.V. freut sich, einen Beitrag dazu leisten zu d\u00fcrfen. F\u00fcnf Fahrzeuge aus dem Bestand der IG werden als Leihgaben Teil der Sonderausstellung im Museum, zwei zus\u00e4tzliche Fahrzeuge von IG-Mitgliedern flankieren das Modelljubil\u00e4um an weiteren Standorten in Wolfsburg.<br>Zur Er\u00f6ffnung reisten ein Dutzend Mitglieder nach Wolfsburg selbstverst\u00e4ndlich mit ihren klassischen Volkswagen Polo. Besonder Gast war &#8222;Tuning-Star der 80er Jahre&#8220; Rainer Buchmann, Inhaber von Edel-Fahrzeugschmiede bb Buchmann Frankfurt\/Main. Aus seiner Feder stammen 40 komplett umgebaute Polo Steilheck, die als &#8222;Polo Paris&#8220; und &#8222;Polo Carat&#8220; Pioniere auf dem Gebiet des Designs und der Technologie waren. Buchmann steuert als Leihgabe den Prototyp dieser Serie bei, der nun in der Sonderausstellung ebenfalls zu besichtigen ist. Zahlreiche Entwickler und Ingenieure aus der Zeit der klassischen Volkswagen Polo waren ebenfalls G\u00e4ste der Er\u00f6ffnung.<\/p>\n\n\n\n<p>In den n\u00e4chsten Tagen werden wir auf unserer Facebook-Seite (auch ohne Facebook-Konto lesbar) nacheinander die verschiedenen Exponate im Detail vorstellen.<\/p>\n\n\n\n<p>Weitere Informationen findet Ihr hier: http:\/\/automuseum.volkswagen.de\/events.html#event41 und auf unserer Facebook-Seite http:\/\/www.facebook.com\/vwpoloig<\/p>\n\n\n\n<p>Bildergalerie: http:\/\/www.facebook.com\/vwpoloig\/photos\/a.875163505909720.1073741839.168\u2026<\/p>\n","protected":false},"excerpt":{"rendered":"<p>&#8222;Au\u00dfen klein. Innen gro\u00df&#8220;. Mit diesem Slogan warb Volkswagen 1975 f\u00fcr sein damals neuestes Produkt in der Modellpalette, den Polo.<\/p>\n","protected":false},"author":1,"featured_media":504,"comment_status":"closed","ping_status":"open","sticky":false,"template":"","format":"standard","meta":{"colormag_page_container_layout":"default_layout","colormag_page_sidebar_layout":"default_layout","footnotes":""},"categories":[16,28,17],"tags":[],"class_list":["post-503","post","type-post","status-publish","format-standard","has-post-thumbnail","hentry","category-aktuelles","category-modelle","category-stories"],"_links":{"self":[{"href":"https:\/\/www.g-lader.info\/vwpoloigdeutschlandev\/index.php?rest_route=\/wp\/v2\/posts\/503","targetHints":{"allow":["GET"]}}],"collection":[{"href":"https:\/\/www.g-lader.info\/vwpoloigdeutschlandev\/index.php?rest_route=\/wp\/v2\/posts"}],"about":[{"href":"https:\/\/www.g-lader.info\/vwpoloigdeutschlandev\/index.php?rest_route=\/wp\/v2\/types\/post"}],"author":[{"embeddable":true,"href":"https:\/\/www.g-lader.info\/vwpoloigdeutschlandev\/index.php?rest_route=\/wp\/v2\/users\/1"}],"replies":[{"embeddable":true,"href":"https:\/\/www.g-lader.info\/vwpoloigdeutschlandev\/index.php?rest_route=%2Fwp%2Fv2%2Fcomments&post=503"}],"version-history":[{"count":1,"href":"https:\/\/www.g-lader.info\/vwpoloigdeutschlandev\/index.php?rest_route=\/wp\/v2\/posts\/503\/revisions"}],"predecessor-version":[{"id":505,"href":"https:\/\/www.g-lader.info\/vwpoloigdeutschlandev\/index.php?rest_route=\/wp\/v2\/posts\/503\/revisions\/505"}],"wp:featuredmedia":[{"embeddable":true,"href":"https:\/\/www.g-lader.info\/vwpoloigdeutschlandev\/index.php?rest_route=\/wp\/v2\/media\/504"}],"wp:attachment":[{"href":"https:\/\/www.g-lader.info\/vwpoloigdeutschlandev\/index.php?rest_route=%2Fwp%2Fv2%2Fmedia&parent=503"}],"wp:term":[{"taxonomy":"category","embeddable":true,"href":"https:\/\/www.g-lader.info\/vwpoloigdeutschlandev\/index.php?rest_route=%2Fwp%2Fv2%2Fcategories&post=503"},{"taxonomy":"post_tag","embeddable":true,"href":"https:\/\/www.g-lader.info\/vwpoloigdeutschlandev\/index.php?rest_route=%2Fwp%2Fv2%2Ftags&post=503"}],"curies":[{"name":"wp","href":"https:\/\/api.w.org\/{rel}","templated":true}]}}