{"id":521,"date":"2015-11-03T09:18:00","date_gmt":"2015-11-03T08:18:00","guid":{"rendered":"http:\/\/www.g-lader.info\/vwpoloigdeutschlandev\/?p=521"},"modified":"2021-05-07T09:18:57","modified_gmt":"2021-05-07T07:18:57","slug":"treser-polo-im-volkswagen-automuseum-wolfsburg","status":"publish","type":"post","link":"https:\/\/www.g-lader.info\/vwpoloigdeutschlandev\/?p=521","title":{"rendered":"Treser-Polo im Volkswagen AutoMuseum Wolfsburg"},"content":{"rendered":"\n<p>\u201eStadt, Land, Fluss. Freizeitautos von Volkswagen&#8220; Sonderausstellung im Volkswagen AutoMuseum Wolfsburg | 5. November 2015 bis 7. Februar 2016<\/p>\n\n\n\n<p>Hauptdarsteller der kommenden Sonderausstellung sind die Spa\u00df-Volkswagen mit unterschiedlichsten Konzepten, teils skurrilen Umbauten und der Beweglichkeit in verschiedenen Elementen. Die VW Polo IG Deutschland e.V. freut sich, einen Beitrag leisten zu d\u00fcrfen: der Treser Polo von unserem Mitglied Falko zeigt, was ein Vision\u00e4r wie Walter Treser aus einem regul\u00e4ren VW Polo Coup\u00e9 machen kann. So entstanden Anfang der 1990er Jahre die &#8222;Treser Roadster&#8220;, bei denen mit einer geschickten Klapp-\/Schwenkdach-L\u00f6sung in Windeseile aus dem Coup\u00e9 ein Targa oder ein Vollcabriolet wurde. Falkos Treser Polo ist einer der ersten der nur 290 mal gebauten Kleinserie und pr\u00e4sentiert sich mit einer originalen 4-stelligen Laufleistung.<\/p>\n\n\n\n<p>Weitere Informationen (Text: Stiftung Volkswagen AutoMuseum):<br>&#8222;Mit der Sonderausstellung \u201eStadt, Land, Fluss\u201c r\u00fcckt das AutoMuseum Volkswagen den Freizeitspa\u00df mit Volkswagen in den Fokus. Dieser zeigt sich schon beim K\u00e4fer und seinen kuriosen Umbauten wie dem schwimmenden, sogenannten Messina-K\u00e4fer, den Buggy-Varianten oder dem Volkswagen Baja. Aber auch mit dem Golf sind von Volkswagen freizeitliche Ma\u00dfst\u00e4be gesetzt worden wie ein Ducat, eine Sonderkarosserie auf Golf 1 Basis beweist. Ihren H\u00f6hepunkt findet die Ausstellung im Golf Country, der \u201eMutter der SUVs\u201c von Volkswagen, der sein 25j\u00e4hriges Jubil\u00e4um feiert. Die Ausstellung wird vom 5. November 2015 bis 7. Februar 2016 zu besichtigen sein.&#8220;<\/p>\n\n\n\n<p>http:\/\/automuseum.volkswagen.de\/events.html#event51<\/p>\n","protected":false},"excerpt":{"rendered":"<p>\u201eStadt, Land, Fluss. Freizeitautos von Volkswagen&#8220; Sonderausstellung im Volkswagen AutoMuseum Wolfsburg | 5. November 2015 bis 7. Februar 2016 Hauptdarsteller<\/p>\n","protected":false},"author":1,"featured_media":522,"comment_status":"closed","ping_status":"open","sticky":false,"template":"","format":"standard","meta":{"colormag_page_container_layout":"default_layout","colormag_page_sidebar_layout":"default_layout","footnotes":""},"categories":[16],"tags":[],"class_list":["post-521","post","type-post","status-publish","format-standard","has-post-thumbnail","hentry","category-aktuelles"],"_links":{"self":[{"href":"https:\/\/www.g-lader.info\/vwpoloigdeutschlandev\/index.php?rest_route=\/wp\/v2\/posts\/521","targetHints":{"allow":["GET"]}}],"collection":[{"href":"https:\/\/www.g-lader.info\/vwpoloigdeutschlandev\/index.php?rest_route=\/wp\/v2\/posts"}],"about":[{"href":"https:\/\/www.g-lader.info\/vwpoloigdeutschlandev\/index.php?rest_route=\/wp\/v2\/types\/post"}],"author":[{"embeddable":true,"href":"https:\/\/www.g-lader.info\/vwpoloigdeutschlandev\/index.php?rest_route=\/wp\/v2\/users\/1"}],"replies":[{"embeddable":true,"href":"https:\/\/www.g-lader.info\/vwpoloigdeutschlandev\/index.php?rest_route=%2Fwp%2Fv2%2Fcomments&post=521"}],"version-history":[{"count":1,"href":"https:\/\/www.g-lader.info\/vwpoloigdeutschlandev\/index.php?rest_route=\/wp\/v2\/posts\/521\/revisions"}],"predecessor-version":[{"id":523,"href":"https:\/\/www.g-lader.info\/vwpoloigdeutschlandev\/index.php?rest_route=\/wp\/v2\/posts\/521\/revisions\/523"}],"wp:featuredmedia":[{"embeddable":true,"href":"https:\/\/www.g-lader.info\/vwpoloigdeutschlandev\/index.php?rest_route=\/wp\/v2\/media\/522"}],"wp:attachment":[{"href":"https:\/\/www.g-lader.info\/vwpoloigdeutschlandev\/index.php?rest_route=%2Fwp%2Fv2%2Fmedia&parent=521"}],"wp:term":[{"taxonomy":"category","embeddable":true,"href":"https:\/\/www.g-lader.info\/vwpoloigdeutschlandev\/index.php?rest_route=%2Fwp%2Fv2%2Fcategories&post=521"},{"taxonomy":"post_tag","embeddable":true,"href":"https:\/\/www.g-lader.info\/vwpoloigdeutschlandev\/index.php?rest_route=%2Fwp%2Fv2%2Ftags&post=521"}],"curies":[{"name":"wp","href":"https:\/\/api.w.org\/{rel}","templated":true}]}}