{"id":530,"date":"2016-01-04T09:21:00","date_gmt":"2016-01-04T08:21:00","guid":{"rendered":"http:\/\/www.g-lader.info\/vwpoloigdeutschlandev\/?p=530"},"modified":"2021-05-07T09:22:23","modified_gmt":"2021-05-07T07:22:23","slug":"13-polotreffen-am-nuerburgring-16-06-19-06-2016","status":"publish","type":"post","link":"https:\/\/www.g-lader.info\/vwpoloigdeutschlandev\/?p=530","title":{"rendered":"13. Polotreffen am N\u00fcrburgring | 16.06. &#8211; 19.06.2016"},"content":{"rendered":"\n<p>Das \u00e4lteste Polo-Treffen geht in die n\u00e4chste Runde! Unser Traditionstreffen findet 2016 zum dreizehnten Mal statt. Und was sollte man an einem Konzept \u00e4ndern, was sich \u00fcber Jahre bew\u00e4hrt hat? Richtig, NICHTS! Deswegen gibt es wieder keine Pokale, Titten, Bling-Bling, Burnouts oder sonstiges unn\u00fctzes Zeug &#8211; und auch keine Sperrstunde. Stattdessen z\u00e4hlen Benzingespr\u00e4che mit teilweise echten Urgesteinen der Polo-Szene, Polos, die auf eigener Achse gefahren werden und die einzigartige Lagerfeuerromantik.<\/p>\n\n\n\n<p>Und so l\u00e4uft es: es ist keine Voranmeldung n\u00f6tig. Wir treffen uns am bezeichneten Wochenende auf dem Campingplatz am N\u00fcrburgring unterhalb der M\u00fcllenbachschleife (Grand-Prix-Strecke). Folgt einfach von der Autobahn kommend der Beschilderung &#8222;N\u00fcrburgring&#8220; und anschlie\u00dfend z.B. am Fahrsicherheitszentrum oder am Kreisverkehr dem Campingplatz-Schild nach. Infos zum Platz und Geb\u00fchrenordnung k\u00f6nnt Ihr unter www.camping-am-nuerburgring.de einsehen. F\u00fcr Tagesbesucher gibt es einen Sondertarif: zun\u00e4chst wird der volle Tag bezahlt und sp\u00e4ter bei der Ausfahrt nach Verbleibstunden zur\u00fcckerstattet.<br>Wir weisen an dieser Stelle darauf hin, dass das Polo-Treffen am N\u00fcrburgring kein TAGESTREFFEN sondern ein WOCHENENDTREFFEN ist. Man kann zwar nur an einem Tag kommen (hierf\u00fcr eignet sich nur der Samstag), aber die Atmosph\u00e4re des Treffens ergibt sich nur dann, wenn man auch vor Ort mindestens eine Nacht bleibt.<br>Unser Treffen eignet sich NICHT f\u00fcr reine Pokalj\u00e4ger oder Leute die Angst haben, dass ihr Polo ein wenig schmutzig wird! Es ist EGAL, ob Dein Polo serienm\u00e4\u00dfig oder &#8222;aufgemacht&#8220; ist, auch die Generation spielt keine Rolle. Wichtig ist, dass Du Deinen Polo gerne f\u00e4hrst und ein Wochenende mit Leuten verbringen m\u00f6chtest, die genau so denken.<\/p>\n\n\n\n<p>Wir treffen uns auf einem Campingplatz, d.h. Campingausr\u00fcstung, Verpflegung und Co. sind bitte mitzubringen! F\u00fcr den N\u00fcrburgring empfiehlt sich immer, zus\u00e4tzlich wetterfeste und warme Kleidung im Gep\u00e4ck zu haben. Vor Ort gibt es eine vern\u00fcnftige Sanit\u00e4ranlage mit Duschen (Warmwasser funktioniert und ist unbgrenzt ohne M\u00fcnzeinwurf o.\u00e4.), Waschm\u00f6glichkeiten und Toiletten. Die Verpflegung kann im nahe gelegenen Adenau geholt werden, dort gibt es div. Superm\u00e4rkte und einen Getr\u00e4nkemarkt. Ein gro\u00dfer Schwenkgrill wird gestellt und kann (soll!) von allen Teilnehmern genutzt werden. Ihr braucht also keinen Grill einpacken und nichts sauber machen! Auf dem Campingplatz gibt es jeden Morgen Br\u00f6tchen, die man am Abend zuvor an der Rezeption oder im Shop vorbestellen muss.<\/p>\n\n\n\n<p>Der ber\u00fchmte Polo-Corso ist f\u00fcr Samstag gegen Mittag \/ fr\u00fchen Nachmittag geplant. (Sp\u00e4testens) mit Einbruch der Dunkelheit kreist traditionell die gr\u00fcne Flasche Heydt Green Power. Das Polo-Treffen am N\u00fcrburgring wird von der VW Polo IG Deutschland e.V. (vormals IG Typ 86) ausgerichtet und durch den Vorstand\/Mitglieder organisiert. Wer Kontakt zur VW Polo IG aufnehmen m\u00f6chte, hat an diesem Wochenende eine ideale Gelegenheit dazu.<\/p>\n\n\n\n<p>Bildergalerien der vergangenen Jahre findet Ihr auf www.polofans.de<\/p>\n","protected":false},"excerpt":{"rendered":"<p>Das \u00e4lteste Polo-Treffen geht in die n\u00e4chste Runde! Unser Traditionstreffen findet 2016 zum dreizehnten Mal statt. Und was sollte man<\/p>\n","protected":false},"author":1,"featured_media":531,"comment_status":"closed","ping_status":"open","sticky":false,"template":"","format":"standard","meta":{"colormag_page_container_layout":"default_layout","colormag_page_sidebar_layout":"default_layout","footnotes":""},"categories":[16,32],"tags":[],"class_list":["post-530","post","type-post","status-publish","format-standard","has-post-thumbnail","hentry","category-aktuelles","category-treffen"],"_links":{"self":[{"href":"https:\/\/www.g-lader.info\/vwpoloigdeutschlandev\/index.php?rest_route=\/wp\/v2\/posts\/530","targetHints":{"allow":["GET"]}}],"collection":[{"href":"https:\/\/www.g-lader.info\/vwpoloigdeutschlandev\/index.php?rest_route=\/wp\/v2\/posts"}],"about":[{"href":"https:\/\/www.g-lader.info\/vwpoloigdeutschlandev\/index.php?rest_route=\/wp\/v2\/types\/post"}],"author":[{"embeddable":true,"href":"https:\/\/www.g-lader.info\/vwpoloigdeutschlandev\/index.php?rest_route=\/wp\/v2\/users\/1"}],"replies":[{"embeddable":true,"href":"https:\/\/www.g-lader.info\/vwpoloigdeutschlandev\/index.php?rest_route=%2Fwp%2Fv2%2Fcomments&post=530"}],"version-history":[{"count":1,"href":"https:\/\/www.g-lader.info\/vwpoloigdeutschlandev\/index.php?rest_route=\/wp\/v2\/posts\/530\/revisions"}],"predecessor-version":[{"id":532,"href":"https:\/\/www.g-lader.info\/vwpoloigdeutschlandev\/index.php?rest_route=\/wp\/v2\/posts\/530\/revisions\/532"}],"wp:featuredmedia":[{"embeddable":true,"href":"https:\/\/www.g-lader.info\/vwpoloigdeutschlandev\/index.php?rest_route=\/wp\/v2\/media\/531"}],"wp:attachment":[{"href":"https:\/\/www.g-lader.info\/vwpoloigdeutschlandev\/index.php?rest_route=%2Fwp%2Fv2%2Fmedia&parent=530"}],"wp:term":[{"taxonomy":"category","embeddable":true,"href":"https:\/\/www.g-lader.info\/vwpoloigdeutschlandev\/index.php?rest_route=%2Fwp%2Fv2%2Fcategories&post=530"},{"taxonomy":"post_tag","embeddable":true,"href":"https:\/\/www.g-lader.info\/vwpoloigdeutschlandev\/index.php?rest_route=%2Fwp%2Fv2%2Ftags&post=530"}],"curies":[{"name":"wp","href":"https:\/\/api.w.org\/{rel}","templated":true}]}}