{"id":539,"date":"2017-04-12T10:22:00","date_gmt":"2017-04-12T08:22:00","guid":{"rendered":"http:\/\/www.g-lader.info\/vwpoloigdeutschlandev\/?p=539"},"modified":"2021-05-07T10:30:50","modified_gmt":"2021-05-07T08:30:50","slug":"vw-polo-g40-story-im-vw-classic-magazin","status":"publish","type":"post","link":"https:\/\/www.g-lader.info\/vwpoloigdeutschlandev\/?p=539","title":{"rendered":"VW Polo G40-Story im VW Classic Magazin"},"content":{"rendered":"\n<p>Seit 16. M\u00e4rz 2017 im Handel: die aktuelle Ausgabe der VW Classic. Inklusive einer gro\u00dfen Hommage an den Polo mit G40-Lader, der im April 1987 erstmalig auf die Stra\u00dfe kam.<br>Mit von der Partie unsere IG-Mitglieder Martin, Ralf, Mirko, Falko und Basti. Wir w\u00fcnschen viel Spa\u00df beim Lesen!<\/p>\n\n\n\n<p>http:\/\/www.vw-classic-magazin.de\/<\/p>\n","protected":false},"excerpt":{"rendered":"<p>Seit 16. M\u00e4rz 2017 im Handel: die aktuelle Ausgabe der VW Classic. Inklusive einer gro\u00dfen Hommage an den Polo mit<\/p>\n","protected":false},"author":1,"featured_media":540,"comment_status":"closed","ping_status":"open","sticky":false,"template":"","format":"standard","meta":{"colormag_page_container_layout":"default_layout","colormag_page_sidebar_layout":"default_layout","footnotes":""},"categories":[16,28,17],"tags":[],"class_list":["post-539","post","type-post","status-publish","format-standard","has-post-thumbnail","hentry","category-aktuelles","category-modelle","category-stories"],"_links":{"self":[{"href":"https:\/\/www.g-lader.info\/vwpoloigdeutschlandev\/index.php?rest_route=\/wp\/v2\/posts\/539","targetHints":{"allow":["GET"]}}],"collection":[{"href":"https:\/\/www.g-lader.info\/vwpoloigdeutschlandev\/index.php?rest_route=\/wp\/v2\/posts"}],"about":[{"href":"https:\/\/www.g-lader.info\/vwpoloigdeutschlandev\/index.php?rest_route=\/wp\/v2\/types\/post"}],"author":[{"embeddable":true,"href":"https:\/\/www.g-lader.info\/vwpoloigdeutschlandev\/index.php?rest_route=\/wp\/v2\/users\/1"}],"replies":[{"embeddable":true,"href":"https:\/\/www.g-lader.info\/vwpoloigdeutschlandev\/index.php?rest_route=%2Fwp%2Fv2%2Fcomments&post=539"}],"version-history":[{"count":1,"href":"https:\/\/www.g-lader.info\/vwpoloigdeutschlandev\/index.php?rest_route=\/wp\/v2\/posts\/539\/revisions"}],"predecessor-version":[{"id":541,"href":"https:\/\/www.g-lader.info\/vwpoloigdeutschlandev\/index.php?rest_route=\/wp\/v2\/posts\/539\/revisions\/541"}],"wp:featuredmedia":[{"embeddable":true,"href":"https:\/\/www.g-lader.info\/vwpoloigdeutschlandev\/index.php?rest_route=\/wp\/v2\/media\/540"}],"wp:attachment":[{"href":"https:\/\/www.g-lader.info\/vwpoloigdeutschlandev\/index.php?rest_route=%2Fwp%2Fv2%2Fmedia&parent=539"}],"wp:term":[{"taxonomy":"category","embeddable":true,"href":"https:\/\/www.g-lader.info\/vwpoloigdeutschlandev\/index.php?rest_route=%2Fwp%2Fv2%2Fcategories&post=539"},{"taxonomy":"post_tag","embeddable":true,"href":"https:\/\/www.g-lader.info\/vwpoloigdeutschlandev\/index.php?rest_route=%2Fwp%2Fv2%2Ftags&post=539"}],"curies":[{"name":"wp","href":"https:\/\/api.w.org\/{rel}","templated":true}]}}