{"id":548,"date":"2017-06-29T10:25:00","date_gmt":"2017-06-29T08:25:00","guid":{"rendered":"http:\/\/www.g-lader.info\/vwpoloigdeutschlandev\/?p=548"},"modified":"2021-05-07T10:27:16","modified_gmt":"2021-05-07T08:27:16","slug":"polo-heritage-booklet-zur-vorstellung-des-vw-polo-vi","status":"publish","type":"post","link":"https:\/\/www.g-lader.info\/vwpoloigdeutschlandev\/?p=548","title":{"rendered":"Polo Heritage Booklet zur Vorstellung des VW Polo VI"},"content":{"rendered":"\n<p>Anl\u00e4sslich der Vorstellung des neuen VW Polo am 18.06.2017 in Berlin hat Volkswagen eine Heritage Brosch\u00fcre herausgegeben. Hier stellt Volkswagen die Modellentwicklung zur inzwischen sechsten Generation des kleinen Wolfsburgers vor. Die VW Polo IG Deutschland e.V. findet ebenfalls Ber\u00fccksichtigung mit einigen Stories von Mitgliedern. Wir w\u00fcnschen viel Spa\u00df beim Lesen! Links zum kostenlosen PDF-Download finden Sie nachfolgend, wenn Sie auf &#8222;weiterlesen&#8220; klicken:<\/p>\n\n\n\n<p>VW Polo Heritage Booklet PDF Deutsch: <a href=\"https:\/\/www.volkswagen-media-services.com\/documents\/10541\/29d7da56-890d-4523-9131-d9f05772fca0\" target=\"_blank\" rel=\"noreferrer noopener\">https:\/\/www.volkswagen-media-services.com\/documents\/10541\/29d7da56-890d-4523-9131-d9f05772fca0<\/a><br>VW Polo Heritage Booklet PDF Englisch: <a href=\"https:\/\/www.volkswagen-media-services.com\/en\/detailpage\/-\/detail\/The-Polo-A-Success-story-in-the-sixth-generation\/view\/5160601\/39428c3565ca908c792bf3b79e9ed55f\" target=\"_blank\" rel=\"noreferrer noopener\">https:\/\/www.volkswagen-media-services.com\/en\/detailpage\/-\/detail\/The-Polo-A-Success-story-in-the-sixth-generation\/view\/5160601\/39428c3565ca908c792bf3b79e9ed55f<\/a><br>Bild und PDF (C) Volkswagen AG<\/p>\n","protected":false},"excerpt":{"rendered":"<p>Anl\u00e4sslich der Vorstellung des neuen VW Polo am 18.06.2017 in Berlin hat Volkswagen eine Heritage Brosch\u00fcre herausgegeben. Hier stellt Volkswagen<\/p>\n","protected":false},"author":1,"featured_media":549,"comment_status":"closed","ping_status":"open","sticky":false,"template":"","format":"standard","meta":{"colormag_page_container_layout":"default_layout","colormag_page_sidebar_layout":"default_layout","footnotes":""},"categories":[16,28],"tags":[],"class_list":["post-548","post","type-post","status-publish","format-standard","has-post-thumbnail","hentry","category-aktuelles","category-modelle"],"_links":{"self":[{"href":"https:\/\/www.g-lader.info\/vwpoloigdeutschlandev\/index.php?rest_route=\/wp\/v2\/posts\/548","targetHints":{"allow":["GET"]}}],"collection":[{"href":"https:\/\/www.g-lader.info\/vwpoloigdeutschlandev\/index.php?rest_route=\/wp\/v2\/posts"}],"about":[{"href":"https:\/\/www.g-lader.info\/vwpoloigdeutschlandev\/index.php?rest_route=\/wp\/v2\/types\/post"}],"author":[{"embeddable":true,"href":"https:\/\/www.g-lader.info\/vwpoloigdeutschlandev\/index.php?rest_route=\/wp\/v2\/users\/1"}],"replies":[{"embeddable":true,"href":"https:\/\/www.g-lader.info\/vwpoloigdeutschlandev\/index.php?rest_route=%2Fwp%2Fv2%2Fcomments&post=548"}],"version-history":[{"count":1,"href":"https:\/\/www.g-lader.info\/vwpoloigdeutschlandev\/index.php?rest_route=\/wp\/v2\/posts\/548\/revisions"}],"predecessor-version":[{"id":550,"href":"https:\/\/www.g-lader.info\/vwpoloigdeutschlandev\/index.php?rest_route=\/wp\/v2\/posts\/548\/revisions\/550"}],"wp:featuredmedia":[{"embeddable":true,"href":"https:\/\/www.g-lader.info\/vwpoloigdeutschlandev\/index.php?rest_route=\/wp\/v2\/media\/549"}],"wp:attachment":[{"href":"https:\/\/www.g-lader.info\/vwpoloigdeutschlandev\/index.php?rest_route=%2Fwp%2Fv2%2Fmedia&parent=548"}],"wp:term":[{"taxonomy":"category","embeddable":true,"href":"https:\/\/www.g-lader.info\/vwpoloigdeutschlandev\/index.php?rest_route=%2Fwp%2Fv2%2Fcategories&post=548"},{"taxonomy":"post_tag","embeddable":true,"href":"https:\/\/www.g-lader.info\/vwpoloigdeutschlandev\/index.php?rest_route=%2Fwp%2Fv2%2Ftags&post=548"}],"curies":[{"name":"wp","href":"https:\/\/api.w.org\/{rel}","templated":true}]}}